{"id":50179,"date":"2023-10-27T02:07:38","date_gmt":"2023-10-27T02:07:38","guid":{"rendered":"https:\/\/mediagroup.mx\/?p=50179"},"modified":"2023-10-27T02:07:38","modified_gmt":"2023-10-27T02:07:38","slug":"fie-realizara-hoy-noche-bohemia-todas-y-todos-estan-invitados","status":"publish","type":"post","link":"https:\/\/mediagroup.mx\/index.php\/2023\/10\/27\/fie-realizara-hoy-noche-bohemia-todas-y-todos-estan-invitados\/","title":{"rendered":"FIE realizar\u00e1 hoy \u201cNoche Bohemia\u201d; todas y todos est\u00e1n invitados"},"content":{"rendered":"<p>La Facultad de Ingenier\u00eda El\u00e9ctrica (FIE), de la Universidad Michoacana de San Nicol\u00e1s de Hidalgo (UMSNH), invita a la comunidad nicolaita a disfrutar su \u00abNoche Bohemia\u00bb, una velada de m\u00fasica y espect\u00e1culo de iluminaci\u00f3n, que se realizar\u00e1 hoy en punto de las 18:00 horas.<\/p>\n<p>El evento cultural organizado por la FIE busca estrechar lazos de amistad y hermandad en la instituci\u00f3n, por lo que todas y todos los asistentes podr\u00e1n disfrutar la presentaci\u00f3n de una talentosa pianista de la Facultad Popular de Bellas Artes y de dos agrupaciones de j\u00f3venes talentos.<\/p>\n<p>El programa comprende la participaci\u00f3n de la<br \/>\npianista Alicia Medrano, quien abrir\u00e1 esta \u201cNoche Bohemia\u201d; el segundo n\u00famero correr\u00e1 a cargo de una banda de j\u00f3venes morelianos que tocan m\u00fasica Jazz, R&amp;B y Rock, llamada \u00abVerde Olvido\u00bb.<\/p>\n<p>Y cerrar\u00e1 el evento cultural \u201cLa Resistencia\u00bb, banda conformada por estudiantes de la propia de la Facultad de Ingenier\u00eda El\u00e9ctrica, quienes compartir\u00e1n su talento.<\/p>\n<p>Las y los asistentes tambi\u00e9n podr\u00e1n disfrutar de un espect\u00e1culo de iluminaci\u00f3n en todo el edificio Omega 1 de Ciudad Universitaria, las tem\u00e1ticas de iluminaci\u00f3n ser\u00e1n \u201cRosa\u201d por ser el mes de la Lucha Contra el C\u00e1ncer de Mama y \u201cNaranja\u201d por las pr\u00f3ximas festividades.<\/p>\n<p>Se tiene previsto que este evento tenga una duraci\u00f3n de tres horas, para que las y los asistentes disfruten de una gran velada en esta \u201cNoche Bohemia\u201d.<\/p>\n","protected":false},"excerpt":{"rendered":"<p>La Facultad de Ingenier\u00eda El\u00e9ctrica (FIE), de la Universidad Michoacana de San Nicol\u00e1s de Hidalgo (UMSNH), invita a la comunidad nicolaita a disfrutar su \u00abNoche Bohemia\u00bb, una velada de m\u00fasica y espect\u00e1culo de iluminaci\u00f3n, que se realizar\u00e1 hoy en punto de las 18:00 horas. El evento cultural organizado por la FIE busca estrechar lazos de [&hellip;]<\/p>\n","protected":false},"author":2,"featured_media":50180,"comment_status":"open","ping_status":"open","sticky":false,"template":"","format":"standard","meta":{"om_disable_all_campaigns":false,"_monsterinsights_skip_tracking":false,"_monsterinsights_sitenote_active":false,"_monsterinsights_sitenote_note":"","_monsterinsights_sitenote_category":0,"_uf_show_specific_survey":0,"_uf_disable_surveys":false,"_jetpack_memberships_contains_paid_content":false,"footnotes":"","jetpack_publicize_message":"FIE realizar\u00e1 hoy \u201cNoche Bohemia\u201d; todas y todos est\u00e1n invitados","jetpack_publicize_feature_enabled":true,"jetpack_social_post_already_shared":true,"jetpack_social_options":{"image_generator_settings":{"template":"highway","default_image_id":0,"enabled":false},"version":2}},"categories":[22],"tags":[],"class_list":{"0":"post-50179","1":"post","2":"type-post","3":"status-publish","4":"format-standard","5":"has-post-thumbnail","7":"category-educacion"},"aioseo_notices":[],"jetpack_publicize_connections":[],"jetpack_featured_media_url":"https:\/\/mediagroup.mx\/wp-content\/uploads\/2023\/10\/45580654-ebef-4ee8-90ed-8bf8da59d459.jpeg","jetpack_sharing_enabled":true,"_links":{"self":[{"href":"https:\/\/mediagroup.mx\/index.php\/wp-json\/wp\/v2\/posts\/50179","targetHints":{"allow":["GET"]}}],"collection":[{"href":"https:\/\/mediagroup.mx\/index.php\/wp-json\/wp\/v2\/posts"}],"about":[{"href":"https:\/\/mediagroup.mx\/index.php\/wp-json\/wp\/v2\/types\/post"}],"author":[{"embeddable":true,"href":"https:\/\/mediagroup.mx\/index.php\/wp-json\/wp\/v2\/users\/2"}],"replies":[{"embeddable":true,"href":"https:\/\/mediagroup.mx\/index.php\/wp-json\/wp\/v2\/comments?post=50179"}],"version-history":[{"count":1,"href":"https:\/\/mediagroup.mx\/index.php\/wp-json\/wp\/v2\/posts\/50179\/revisions"}],"predecessor-version":[{"id":50181,"href":"https:\/\/mediagroup.mx\/index.php\/wp-json\/wp\/v2\/posts\/50179\/revisions\/50181"}],"wp:featuredmedia":[{"embeddable":true,"href":"https:\/\/mediagroup.mx\/index.php\/wp-json\/wp\/v2\/media\/50180"}],"wp:attachment":[{"href":"https:\/\/mediagroup.mx\/index.php\/wp-json\/wp\/v2\/media?parent=50179"}],"wp:term":[{"taxonomy":"category","embeddable":true,"href":"https:\/\/mediagroup.mx\/index.php\/wp-json\/wp\/v2\/categories?post=50179"},{"taxonomy":"post_tag","embeddable":true,"href":"https:\/\/mediagroup.mx\/index.php\/wp-json\/wp\/v2\/tags?post=50179"}],"curies":[{"name":"wp","href":"https:\/\/api.w.org\/{rel}","templated":true}]}}