{"id":50182,"date":"2023-10-28T01:32:23","date_gmt":"2023-10-28T01:32:23","guid":{"rendered":"https:\/\/mediagroup.mx\/?p=50182"},"modified":"2023-10-28T01:32:23","modified_gmt":"2023-10-28T01:32:23","slug":"que-la-investigacion-de-la-umsnh-se-ponga-al-servicio-de-la-comunidad-y-del-sector-productivo-gobernador","status":"publish","type":"post","link":"https:\/\/mediagroup.mx\/index.php\/2023\/10\/28\/que-la-investigacion-de-la-umsnh-se-ponga-al-servicio-de-la-comunidad-y-del-sector-productivo-gobernador\/","title":{"rendered":"Que la investigaci\u00f3n de la UMSNH se ponga al servicio de la comunidad y del sector productivo: Gobernador"},"content":{"rendered":"<p>\u201cEl reto es c\u00f3mo logramos que la Universidad Michoacana de San Nicol\u00e1s de Hidalgo (UMSNH), el gobierno, sector productivo, comunidades a trav\u00e9s del uso de la propiedad industrial, de la transferencia de tecnolog\u00eda que se genera en los laboratorios, en los Centros de Investigaci\u00f3n de nuestra Universidad pase a tierra, a territorio, a que tengamos un desarrollo econ\u00f3mico basado tambi\u00e9n en la ciencia, as\u00ed es como la ciencia genera desarrollo\u00bb, afirm\u00f3 el gobernador del Estado, Alfredo Ram\u00edrez Bedolla, durante la conferencia \u00abFiguras jur\u00eddicas en la protecci\u00f3n intelectual de los productos artesanales michoacanos\u00bb, que estuvo dirigida a estudiantes, docentes y administrativos nicolaitas.<\/p>\n<p>Acompa\u00f1ado de la rectora, Yarab\u00ed \u00c1vila Gonz\u00e1lez, el mandatario michoacano comparti\u00f3 su experiencia respecto a dicho tema ante un auditorio lleno, ah\u00ed indic\u00f3 que una muestra de la calidad de la investigaci\u00f3n en la Casa de Hidalgo, es el trabajo realizado por el Instituto de Investigaciones Agropecuarias y Forestales (IIAF) que tiene todo un sistema desarrollado para la producci\u00f3n del pez blanco.<\/p>\n<p>Apunt\u00f3 que est\u00e1 demostrado cient\u00edficamente que es viable reproducirlo en cautiverio, por lo que indic\u00f3 que ya hay un expediente para solicitar la denominaci\u00f3n de origen de esta especie que est\u00e1 en peligro de extinci\u00f3n. \u201cLo tenemos que sacar del peligro de extinci\u00f3n y la investigaci\u00f3n cient\u00edfica de la Universidad Michoacana tiene todo para lograrlo\u201d.<\/p>\n<p>Consider\u00f3 que esta denominaci\u00f3n de origen, con un sistema productivo registrado ante el Instituto Mexicano de la Propiedad Industrial (IMPI), traer\u00e1 un beneficio a las comunidades del Lago de P\u00e1tzcuaro, lo que propiciar\u00eda un c\u00edrculo virtuoso de investigaci\u00f3n, sector productivo y sustentabilidad.<\/p>\n<p>El gobernador a\u00f1adi\u00f3 que el reto, que ya ha platicado con la rectora, es que los Centros de Investigaci\u00f3n de la UMSNH, que toda su investigaci\u00f3n pase a marcas, a patentes, a dise\u00f1os industriales para que se ponga al servicio de la comunidad y del sector productivo.<\/p>\n<p>En el tema de las Marcas Colectivas, record\u00f3 que hacer algunos a\u00f1os, se tuvo una invasi\u00f3n de guitarra de origen chino que afect\u00f3 de manera significativa a los productores de Paracho, poniendo en riesgo la industria de la guitarra, en este sentido comparti\u00f3 su experiencia en el trabajo desarrollado en este rubro.<\/p>\n<p>Logrando en aquel momento el registro de cinco Marcas Colectivas, como son: queso Cotija; cobre martillado de Santa Clara del Cobre; maque de Uruapan; pasta de ca\u00f1a de P\u00e1tzcuaro y la guitarra de Paracho, con lo cual, las y los productores michoacanos tuvieron un impacto positivo. \u201cLas Denominaciones de Origen y Marcas Colectivas revaloran el trabajo artesanal y el proyecto, le dan su precio justo\u201d.<\/p>\n<p>El gobernador consider\u00f3 que en la Universidad Michoacana se debe perder el prejuicio de interactuar con la iniciativa privada y con el sector empresarial. Coment\u00f3 la importancia de patentar las investigaciones, al referir que, si bien la Universidad Michoacana no puede comercializarlas, si puede otorgar una licencia de uso de patente por un costo econ\u00f3mico, de esta manera el resultado de la investigaci\u00f3n se pone al servicio de la gente y la instituci\u00f3n genera ingresos propios para fortalecer otras investigaciones.<\/p>\n<p>Tras contestar una serie de preguntas por parte del p\u00fablico, el gobernador Alfredo Ram\u00edrez Bedolla, recibi\u00f3 de parte de la rectora, un reconocimiento por su participaci\u00f3n, en este sentido, Yarab\u00ed \u00c1vila agradeci\u00f3 que haya compartido su experiencia con la comunidad universitaria, ya que dijo, es un experto y apasionado de los temas abordados.<\/p>\n<p>De igual forma, reconoci\u00f3 el apoyo que el mandatario ha brindado a la UMSNH y reiter\u00f3 el inter\u00e9s de continuar trabajando en conjunto con los diversos sectores para que la Casa de Hidalgo siga creciendo, al tiempo que refrend\u00f3 la disposici\u00f3n de colaborar con las y los alcaldes que asistieron al evento.<\/p>\n<p>\u201cMuchas gracias se\u00f1or gobernador, somos parte del equipo y somos parte del equipo tambi\u00e9n de las y los presidentes municipales que nos acompa\u00f1an y de cada uno de los municipios\u201d.<\/p>\n","protected":false},"excerpt":{"rendered":"<p>\u201cEl reto es c\u00f3mo logramos que la Universidad Michoacana de San Nicol\u00e1s de Hidalgo (UMSNH), el gobierno, sector productivo, comunidades a trav\u00e9s del uso de la propiedad industrial, de la transferencia de tecnolog\u00eda que se genera en los laboratorios, en los Centros de Investigaci\u00f3n de nuestra Universidad pase a tierra, a territorio, a que tengamos [&hellip;]<\/p>\n","protected":false},"author":2,"featured_media":50183,"comment_status":"open","ping_status":"open","sticky":false,"template":"","format":"standard","meta":{"om_disable_all_campaigns":false,"_monsterinsights_skip_tracking":false,"_monsterinsights_sitenote_active":false,"_monsterinsights_sitenote_note":"","_monsterinsights_sitenote_category":0,"_uf_show_specific_survey":0,"_uf_disable_surveys":false,"_jetpack_memberships_contains_paid_content":false,"footnotes":"","jetpack_publicize_message":"Que la investigaci\u00f3n de la UMSNH se ponga al servicio de la comunidad y del sector productivo: Gobernador","jetpack_publicize_feature_enabled":true,"jetpack_social_post_already_shared":true,"jetpack_social_options":{"image_generator_settings":{"template":"highway","default_image_id":0,"enabled":false},"version":2}},"categories":[22],"tags":[],"class_list":{"0":"post-50182","1":"post","2":"type-post","3":"status-publish","4":"format-standard","5":"has-post-thumbnail","7":"category-educacion"},"aioseo_notices":[],"jetpack_publicize_connections":[],"jetpack_featured_media_url":"https:\/\/mediagroup.mx\/wp-content\/uploads\/2023\/10\/aa772211-5a98-423f-b2a5-26ccc906a9b5.jpeg","jetpack_sharing_enabled":true,"_links":{"self":[{"href":"https:\/\/mediagroup.mx\/index.php\/wp-json\/wp\/v2\/posts\/50182","targetHints":{"allow":["GET"]}}],"collection":[{"href":"https:\/\/mediagroup.mx\/index.php\/wp-json\/wp\/v2\/posts"}],"about":[{"href":"https:\/\/mediagroup.mx\/index.php\/wp-json\/wp\/v2\/types\/post"}],"author":[{"embeddable":true,"href":"https:\/\/mediagroup.mx\/index.php\/wp-json\/wp\/v2\/users\/2"}],"replies":[{"embeddable":true,"href":"https:\/\/mediagroup.mx\/index.php\/wp-json\/wp\/v2\/comments?post=50182"}],"version-history":[{"count":1,"href":"https:\/\/mediagroup.mx\/index.php\/wp-json\/wp\/v2\/posts\/50182\/revisions"}],"predecessor-version":[{"id":50184,"href":"https:\/\/mediagroup.mx\/index.php\/wp-json\/wp\/v2\/posts\/50182\/revisions\/50184"}],"wp:featuredmedia":[{"embeddable":true,"href":"https:\/\/mediagroup.mx\/index.php\/wp-json\/wp\/v2\/media\/50183"}],"wp:attachment":[{"href":"https:\/\/mediagroup.mx\/index.php\/wp-json\/wp\/v2\/media?parent=50182"}],"wp:term":[{"taxonomy":"category","embeddable":true,"href":"https:\/\/mediagroup.mx\/index.php\/wp-json\/wp\/v2\/categories?post=50182"},{"taxonomy":"post_tag","embeddable":true,"href":"https:\/\/mediagroup.mx\/index.php\/wp-json\/wp\/v2\/tags?post=50182"}],"curies":[{"name":"wp","href":"https:\/\/api.w.org\/{rel}","templated":true}]}}