{"id":50273,"date":"2023-10-27T20:21:21","date_gmt":"2023-10-27T20:21:21","guid":{"rendered":"https:\/\/mediagroup.mx\/?p=50273"},"modified":"2023-11-03T20:22:45","modified_gmt":"2023-11-03T20:22:45","slug":"presenta-victor-manriquez-iniciativa-para-atender-cambio-climatico-en-michoacan","status":"publish","type":"post","link":"https:\/\/mediagroup.mx\/index.php\/2023\/10\/27\/presenta-victor-manriquez-iniciativa-para-atender-cambio-climatico-en-michoacan\/","title":{"rendered":"Presenta V\u00edctor Manr\u00edquez iniciativa para atender cambio clim\u00e1tico en Michoac\u00e1n"},"content":{"rendered":"<p style=\"text-align: justify;\">Con el objetivo de combatir el cambio clim\u00e1tico y ayudar a cuidar el medio ambiente en Michoac\u00e1n, el diputado local V\u00edctor Manr\u00edquez Gonz\u00e1lez present\u00f3 una iniciativa ante el pleno del congreso del estado con el objetivo de enlistar los motivos de responsabilidad ambiental como son la acci\u00f3n u omisi\u00f3n de sustancias consideradas como peligrosas que puedan causar da\u00f1o a los ecosistemas o al medio ambiente.<\/p>\n<p style=\"text-align: justify;\">Esta iniciativa busca la reforma de al art\u00edculo 18 de la Ley de Responsabilidad Ambiental del Estado de Michoac\u00e1n, con lo que tambi\u00e9n se busca el establecer el corte, derribo y tala de \u00e1rboles como posible causa de responsabilidad ambiental.<\/p>\n<p style=\"text-align: justify;\">El legislador se\u00f1al\u00f3 que esta iniciativa responde a la perdida de flora y fauna en el pa\u00eds derivada de la acci\u00f3n u omisi\u00f3n en el manejo de este tipo de materiales, as\u00ed como la tala inmoderada e ilegal de los bosques.<\/p>\n<p style=\"text-align: justify;\">Sobre esto \u00faltimo, ejemplific\u00f3 con la p\u00e9rdida del bosque de la mariposa monarca, debido a la deforestaci\u00f3n ilegal de sus \u00e1rboles, lo que ha provocado la reducci\u00f3n de estos santuarios.<\/p>\n<p>Por: Miguel Santos<\/p>\n","protected":false},"excerpt":{"rendered":"<p>Con el objetivo de combatir el cambio clim\u00e1tico y ayudar a cuidar el medio ambiente en Michoac\u00e1n, el diputado local V\u00edctor Manr\u00edquez Gonz\u00e1lez present\u00f3 una iniciativa ante el pleno del congreso del estado con el objetivo de enlistar los motivos de responsabilidad ambiental como son la acci\u00f3n u omisi\u00f3n de sustancias consideradas como peligrosas que [&hellip;]<\/p>\n","protected":false},"author":2,"featured_media":50274,"comment_status":"open","ping_status":"open","sticky":false,"template":"","format":"standard","meta":{"om_disable_all_campaigns":false,"_monsterinsights_skip_tracking":false,"_monsterinsights_sitenote_active":false,"_monsterinsights_sitenote_note":"","_monsterinsights_sitenote_category":0,"_uf_show_specific_survey":0,"_uf_disable_surveys":false,"_jetpack_memberships_contains_paid_content":false,"footnotes":"","jetpack_publicize_message":"Presenta V\u00edctor Manr\u00edquez iniciativa para atender cambio clim\u00e1tico en Michoac\u00e1n","jetpack_publicize_feature_enabled":true,"jetpack_social_post_already_shared":true,"jetpack_social_options":{"image_generator_settings":{"template":"highway","default_image_id":0,"enabled":false},"version":2}},"categories":[15],"tags":[],"class_list":{"0":"post-50273","1":"post","2":"type-post","3":"status-publish","4":"format-standard","5":"has-post-thumbnail","7":"category-michoacan"},"aioseo_notices":[],"jetpack_publicize_connections":[],"jetpack_featured_media_url":"https:\/\/mediagroup.mx\/wp-content\/uploads\/2023\/11\/Captura-de-pantalla-2023-11-03-a-las-14.22.03.png","jetpack_sharing_enabled":true,"_links":{"self":[{"href":"https:\/\/mediagroup.mx\/index.php\/wp-json\/wp\/v2\/posts\/50273","targetHints":{"allow":["GET"]}}],"collection":[{"href":"https:\/\/mediagroup.mx\/index.php\/wp-json\/wp\/v2\/posts"}],"about":[{"href":"https:\/\/mediagroup.mx\/index.php\/wp-json\/wp\/v2\/types\/post"}],"author":[{"embeddable":true,"href":"https:\/\/mediagroup.mx\/index.php\/wp-json\/wp\/v2\/users\/2"}],"replies":[{"embeddable":true,"href":"https:\/\/mediagroup.mx\/index.php\/wp-json\/wp\/v2\/comments?post=50273"}],"version-history":[{"count":1,"href":"https:\/\/mediagroup.mx\/index.php\/wp-json\/wp\/v2\/posts\/50273\/revisions"}],"predecessor-version":[{"id":50275,"href":"https:\/\/mediagroup.mx\/index.php\/wp-json\/wp\/v2\/posts\/50273\/revisions\/50275"}],"wp:featuredmedia":[{"embeddable":true,"href":"https:\/\/mediagroup.mx\/index.php\/wp-json\/wp\/v2\/media\/50274"}],"wp:attachment":[{"href":"https:\/\/mediagroup.mx\/index.php\/wp-json\/wp\/v2\/media?parent=50273"}],"wp:term":[{"taxonomy":"category","embeddable":true,"href":"https:\/\/mediagroup.mx\/index.php\/wp-json\/wp\/v2\/categories?post=50273"},{"taxonomy":"post_tag","embeddable":true,"href":"https:\/\/mediagroup.mx\/index.php\/wp-json\/wp\/v2\/tags?post=50273"}],"curies":[{"name":"wp","href":"https:\/\/api.w.org\/{rel}","templated":true}]}}