{"id":50276,"date":"2023-10-27T20:23:04","date_gmt":"2023-10-27T20:23:04","guid":{"rendered":"https:\/\/mediagroup.mx\/?p=50276"},"modified":"2023-11-03T20:24:23","modified_gmt":"2023-11-03T20:24:23","slug":"congreso-ha-presentado-dos-exhortos-para-atender-afectaciones-a-lagos-de-michoacan-por-el-cambio-climatico","status":"publish","type":"post","link":"https:\/\/mediagroup.mx\/index.php\/2023\/10\/27\/congreso-ha-presentado-dos-exhortos-para-atender-afectaciones-a-lagos-de-michoacan-por-el-cambio-climatico\/","title":{"rendered":"Congreso ha presentado dos exhortos para atender afectaciones a lagos de Michoac\u00e1n por el cambio clim\u00e1tico"},"content":{"rendered":"<p style=\"text-align: justify;\">A lo largo de la LXXV legislatura del Congreso de Michoac\u00e1n se han realizado dos exhortos para el cuidado de los lagos del estado, con el objetivo de revertir su deterioro por el cambio clim\u00e1tico y el descuido del medio ambiente.<\/p>\n<p style=\"text-align: justify;\">El primero de ellos fue realizado por la diputada del Grupo Parlamentario del Partido Revolucionario Institucional (PRI) Samanta Flores Adame, qui\u00e9n present\u00f3 un exhorto para que se tomen acciones para restaurar el lago de P\u00e1tzcuaro por parte de las autoridades.<\/p>\n<p style=\"text-align: justify;\">Mientras que el segundo de estos llamados fue realizado por la diputada del Grupo Parlamentario del Partido Encuentro Solidario (PES), qui\u00e9n realiz\u00f3 su exhorto para que se atienda el Lago de Cuitzeo.<\/p>\n<p>Por: Miguel Santos<\/p>\n","protected":false},"excerpt":{"rendered":"<p>A lo largo de la LXXV legislatura del Congreso de Michoac\u00e1n se han realizado dos exhortos para el cuidado de los lagos del estado, con el objetivo de revertir su deterioro por el cambio clim\u00e1tico y el descuido del medio ambiente. El primero de ellos fue realizado por la diputada del Grupo Parlamentario del Partido [&hellip;]<\/p>\n","protected":false},"author":2,"featured_media":50277,"comment_status":"open","ping_status":"open","sticky":false,"template":"","format":"standard","meta":{"om_disable_all_campaigns":false,"_monsterinsights_skip_tracking":false,"_monsterinsights_sitenote_active":false,"_monsterinsights_sitenote_note":"","_monsterinsights_sitenote_category":0,"_uf_show_specific_survey":0,"_uf_disable_surveys":false,"_jetpack_memberships_contains_paid_content":false,"footnotes":"","jetpack_publicize_message":"Congreso ha presentado dos exhortos para atender afectaciones a lagos de Michoac\u00e1n por el cambio clim\u00e1tico","jetpack_publicize_feature_enabled":true,"jetpack_social_post_already_shared":true,"jetpack_social_options":{"image_generator_settings":{"template":"highway","default_image_id":0,"enabled":false},"version":2}},"categories":[15],"tags":[],"class_list":{"0":"post-50276","1":"post","2":"type-post","3":"status-publish","4":"format-standard","5":"has-post-thumbnail","7":"category-michoacan"},"aioseo_notices":[],"jetpack_publicize_connections":[],"jetpack_featured_media_url":"https:\/\/mediagroup.mx\/wp-content\/uploads\/2023\/11\/Captura-de-pantalla-2023-11-03-a-las-14.23.49.png","jetpack_sharing_enabled":true,"_links":{"self":[{"href":"https:\/\/mediagroup.mx\/index.php\/wp-json\/wp\/v2\/posts\/50276","targetHints":{"allow":["GET"]}}],"collection":[{"href":"https:\/\/mediagroup.mx\/index.php\/wp-json\/wp\/v2\/posts"}],"about":[{"href":"https:\/\/mediagroup.mx\/index.php\/wp-json\/wp\/v2\/types\/post"}],"author":[{"embeddable":true,"href":"https:\/\/mediagroup.mx\/index.php\/wp-json\/wp\/v2\/users\/2"}],"replies":[{"embeddable":true,"href":"https:\/\/mediagroup.mx\/index.php\/wp-json\/wp\/v2\/comments?post=50276"}],"version-history":[{"count":1,"href":"https:\/\/mediagroup.mx\/index.php\/wp-json\/wp\/v2\/posts\/50276\/revisions"}],"predecessor-version":[{"id":50278,"href":"https:\/\/mediagroup.mx\/index.php\/wp-json\/wp\/v2\/posts\/50276\/revisions\/50278"}],"wp:featuredmedia":[{"embeddable":true,"href":"https:\/\/mediagroup.mx\/index.php\/wp-json\/wp\/v2\/media\/50277"}],"wp:attachment":[{"href":"https:\/\/mediagroup.mx\/index.php\/wp-json\/wp\/v2\/media?parent=50276"}],"wp:term":[{"taxonomy":"category","embeddable":true,"href":"https:\/\/mediagroup.mx\/index.php\/wp-json\/wp\/v2\/categories?post=50276"},{"taxonomy":"post_tag","embeddable":true,"href":"https:\/\/mediagroup.mx\/index.php\/wp-json\/wp\/v2\/tags?post=50276"}],"curies":[{"name":"wp","href":"https:\/\/api.w.org\/{rel}","templated":true}]}}