{"id":50282,"date":"2023-10-25T20:26:02","date_gmt":"2023-10-25T20:26:02","guid":{"rendered":"https:\/\/mediagroup.mx\/?p=50282"},"modified":"2023-11-03T20:26:39","modified_gmt":"2023-11-03T20:26:39","slug":"exige-margarita-lopez-renuncia-del-titular-de-la-ssp-en-michoacan","status":"publish","type":"post","link":"https:\/\/mediagroup.mx\/index.php\/2023\/10\/25\/exige-margarita-lopez-renuncia-del-titular-de-la-ssp-en-michoacan\/","title":{"rendered":"Exige Margarita L\u00f3pez renuncia del titular de la SSP en Michoac\u00e1n"},"content":{"rendered":"<p style=\"text-align: justify;\">La diputada local Margarita L\u00f3pez P\u00e9rez exigi\u00f3 la renuncia del titular de la Secretar\u00eda de Seguridad P\u00fablica, Jos\u00e9 Alfredo Ortega Reyes, para que se ponga en su lugar a una persona m\u00e1s preparada, esto ante la inseguridad que existe en el estado.<\/p>\n<p style=\"text-align: justify;\">La legisladora indic\u00f3 que ante la situaci\u00f3n de inseguridad que existe en Michoac\u00e1n deber\u00edan de ser llamados a comparecer ante el Congreso Estatal tanto el secretario Ortega Reyes, como el gobernador Alfredo Ram\u00edrez Bedolla y el presidente de M\u00e9xico.<\/p>\n<p>Por: Miguel Santos<\/p>\n","protected":false},"excerpt":{"rendered":"<p>La diputada local Margarita L\u00f3pez P\u00e9rez exigi\u00f3 la renuncia del titular de la Secretar\u00eda de Seguridad P\u00fablica, Jos\u00e9 Alfredo Ortega Reyes, para que se ponga en su lugar a una persona m\u00e1s preparada, esto ante la inseguridad que existe en el estado. La legisladora indic\u00f3 que ante la situaci\u00f3n de inseguridad que existe en Michoac\u00e1n [&hellip;]<\/p>\n","protected":false},"author":2,"featured_media":50283,"comment_status":"open","ping_status":"open","sticky":false,"template":"","format":"standard","meta":{"om_disable_all_campaigns":false,"_monsterinsights_skip_tracking":false,"_monsterinsights_sitenote_active":false,"_monsterinsights_sitenote_note":"","_monsterinsights_sitenote_category":0,"_uf_show_specific_survey":0,"_uf_disable_surveys":false,"_jetpack_memberships_contains_paid_content":false,"footnotes":"","jetpack_publicize_message":"Exige Margarita L\u00f3pez renuncia del titular de la SSP en Michoac\u00e1n","jetpack_publicize_feature_enabled":true,"jetpack_social_post_already_shared":true,"jetpack_social_options":{"image_generator_settings":{"template":"highway","default_image_id":0,"enabled":false},"version":2}},"categories":[15],"tags":[],"class_list":{"0":"post-50282","1":"post","2":"type-post","3":"status-publish","4":"format-standard","5":"has-post-thumbnail","7":"category-michoacan"},"aioseo_notices":[],"jetpack_publicize_connections":[],"jetpack_featured_media_url":"https:\/\/mediagroup.mx\/wp-content\/uploads\/2023\/11\/WhatsApp-Image-2023-10-25-at-2.21.52-PM.jpeg","jetpack_sharing_enabled":true,"_links":{"self":[{"href":"https:\/\/mediagroup.mx\/index.php\/wp-json\/wp\/v2\/posts\/50282","targetHints":{"allow":["GET"]}}],"collection":[{"href":"https:\/\/mediagroup.mx\/index.php\/wp-json\/wp\/v2\/posts"}],"about":[{"href":"https:\/\/mediagroup.mx\/index.php\/wp-json\/wp\/v2\/types\/post"}],"author":[{"embeddable":true,"href":"https:\/\/mediagroup.mx\/index.php\/wp-json\/wp\/v2\/users\/2"}],"replies":[{"embeddable":true,"href":"https:\/\/mediagroup.mx\/index.php\/wp-json\/wp\/v2\/comments?post=50282"}],"version-history":[{"count":1,"href":"https:\/\/mediagroup.mx\/index.php\/wp-json\/wp\/v2\/posts\/50282\/revisions"}],"predecessor-version":[{"id":50284,"href":"https:\/\/mediagroup.mx\/index.php\/wp-json\/wp\/v2\/posts\/50282\/revisions\/50284"}],"wp:featuredmedia":[{"embeddable":true,"href":"https:\/\/mediagroup.mx\/index.php\/wp-json\/wp\/v2\/media\/50283"}],"wp:attachment":[{"href":"https:\/\/mediagroup.mx\/index.php\/wp-json\/wp\/v2\/media?parent=50282"}],"wp:term":[{"taxonomy":"category","embeddable":true,"href":"https:\/\/mediagroup.mx\/index.php\/wp-json\/wp\/v2\/categories?post=50282"},{"taxonomy":"post_tag","embeddable":true,"href":"https:\/\/mediagroup.mx\/index.php\/wp-json\/wp\/v2\/tags?post=50282"}],"curies":[{"name":"wp","href":"https:\/\/api.w.org\/{rel}","templated":true}]}}