{"id":50323,"date":"2023-10-06T20:45:29","date_gmt":"2023-10-06T20:45:29","guid":{"rendered":"https:\/\/mediagroup.mx\/?p=50323"},"modified":"2023-11-03T20:46:03","modified_gmt":"2023-11-03T20:46:03","slug":"en-congreso-proponen-que-sesiones-sean-mas-cortas-al-leer-menos-de-las-iniciativas","status":"publish","type":"post","link":"https:\/\/mediagroup.mx\/index.php\/2023\/10\/06\/en-congreso-proponen-que-sesiones-sean-mas-cortas-al-leer-menos-de-las-iniciativas\/","title":{"rendered":"En Congreso proponen que sesiones sean m\u00e1s cortas al leer menos de las iniciativas"},"content":{"rendered":"<p style=\"text-align: justify;\">\nCon el objetivo de que exista una mayor producci\u00f3n legislativa, la diputada Samanta Flores Adame present\u00f3 una iniciativa ante el pleno en la que se propone que no se d\u00e9 la lectura de la argumentaci\u00f3n de las propuestas y solo se lea la propuesta de modificaci\u00f3n.<\/p>\n<p style=\"text-align: justify;\">Esto bajo el argumento de que las propuestas de iniciativas y dict\u00e1menes se env\u00edan 24 horas previas para su lectura.<\/p>\n<p style=\"text-align: justify;\">Adem\u00e1s, en la misma iniciativa se establece que la presidencia de la Junta de Coordinaci\u00f3n Pol\u00edtica tambi\u00e9n pueda ser obtenida por la Representaci\u00f3n Parlamentaria, y que tanto esta como los grupos parlamentarios puedan acceder a esta al tener el 20 por ciento del total de legisladores, sin que en el caso de que alg\u00fan diputado salga de esta expresi\u00f3n pol\u00edtica la presidencia se pierda.<\/p>\n<p style=\"text-align: justify;\">Esto, debido a que, al obtener el derecho a presidir la Junta de Coordinaci\u00f3n Pol\u00edtica, no ser\u00eda justo el perder la presidencia por la decisi\u00f3n unilateral de un legislador.<\/p>\n<p>Por: Miguel Santos<\/p>\n","protected":false},"excerpt":{"rendered":"<p>Con el objetivo de que exista una mayor producci\u00f3n legislativa, la diputada Samanta Flores Adame present\u00f3 una iniciativa ante el pleno en la que se propone que no se d\u00e9 la lectura de la argumentaci\u00f3n de las propuestas y solo se lea la propuesta de modificaci\u00f3n. Esto bajo el argumento de que las propuestas de [&hellip;]<\/p>\n","protected":false},"author":2,"featured_media":50277,"comment_status":"open","ping_status":"open","sticky":false,"template":"","format":"standard","meta":{"om_disable_all_campaigns":false,"_monsterinsights_skip_tracking":false,"_monsterinsights_sitenote_active":false,"_monsterinsights_sitenote_note":"","_monsterinsights_sitenote_category":0,"_uf_show_specific_survey":0,"_uf_disable_surveys":false,"_jetpack_memberships_contains_paid_content":false,"footnotes":"","jetpack_publicize_message":"En Congreso proponen que sesiones sean m\u00e1s cortas al leer menos de las iniciativas","jetpack_publicize_feature_enabled":true,"jetpack_social_post_already_shared":true,"jetpack_social_options":{"image_generator_settings":{"template":"highway","default_image_id":0,"enabled":false},"version":2}},"categories":[15],"tags":[],"class_list":{"0":"post-50323","1":"post","2":"type-post","3":"status-publish","4":"format-standard","5":"has-post-thumbnail","7":"category-michoacan"},"aioseo_notices":[],"jetpack_publicize_connections":[],"jetpack_featured_media_url":"https:\/\/mediagroup.mx\/wp-content\/uploads\/2023\/11\/Captura-de-pantalla-2023-11-03-a-las-14.23.49.png","jetpack_sharing_enabled":true,"_links":{"self":[{"href":"https:\/\/mediagroup.mx\/index.php\/wp-json\/wp\/v2\/posts\/50323","targetHints":{"allow":["GET"]}}],"collection":[{"href":"https:\/\/mediagroup.mx\/index.php\/wp-json\/wp\/v2\/posts"}],"about":[{"href":"https:\/\/mediagroup.mx\/index.php\/wp-json\/wp\/v2\/types\/post"}],"author":[{"embeddable":true,"href":"https:\/\/mediagroup.mx\/index.php\/wp-json\/wp\/v2\/users\/2"}],"replies":[{"embeddable":true,"href":"https:\/\/mediagroup.mx\/index.php\/wp-json\/wp\/v2\/comments?post=50323"}],"version-history":[{"count":1,"href":"https:\/\/mediagroup.mx\/index.php\/wp-json\/wp\/v2\/posts\/50323\/revisions"}],"predecessor-version":[{"id":50324,"href":"https:\/\/mediagroup.mx\/index.php\/wp-json\/wp\/v2\/posts\/50323\/revisions\/50324"}],"wp:featuredmedia":[{"embeddable":true,"href":"https:\/\/mediagroup.mx\/index.php\/wp-json\/wp\/v2\/media\/50277"}],"wp:attachment":[{"href":"https:\/\/mediagroup.mx\/index.php\/wp-json\/wp\/v2\/media?parent=50323"}],"wp:term":[{"taxonomy":"category","embeddable":true,"href":"https:\/\/mediagroup.mx\/index.php\/wp-json\/wp\/v2\/categories?post=50323"},{"taxonomy":"post_tag","embeddable":true,"href":"https:\/\/mediagroup.mx\/index.php\/wp-json\/wp\/v2\/tags?post=50323"}],"curies":[{"name":"wp","href":"https:\/\/api.w.org\/{rel}","templated":true}]}}