{"id":50331,"date":"2023-10-06T20:48:48","date_gmt":"2023-10-06T20:48:48","guid":{"rendered":"https:\/\/mediagroup.mx\/?p=50331"},"modified":"2023-11-03T20:50:23","modified_gmt":"2023-11-03T20:50:23","slug":"congreso-da-negativa-a-conformacion-de-la-bancada-naranja","status":"publish","type":"post","link":"https:\/\/mediagroup.mx\/index.php\/2023\/10\/06\/congreso-da-negativa-a-conformacion-de-la-bancada-naranja\/","title":{"rendered":"Congreso da negativa a conformaci\u00f3n de la \u201cbancada naranja\u201d"},"content":{"rendered":"<p style=\"text-align: justify;\">El Congreso del estado de Michoac\u00e1n dio una negativa a la conformaci\u00f3n de la llamada \u201cBancada Naranja\u201d de Movimiento Ciudadano debido a que la solicitud de su conformaci\u00f3n es de forma extemporanea al periodo regular que tiene el Poder Legislativo para establecer las bancadas, esto en respuesta a la determinaci\u00f3n del Tribunal Electoral del Estado de Michoac\u00e1n en donde solicitaba se diera una respuesta a la solicitud realizada por los diputados Oscar Escobar Ledesma y V\u00edctor Manr\u00edquez.<\/p>\n<p>Por: Miguel Santos<\/p>\n","protected":false},"excerpt":{"rendered":"<p>El Congreso del estado de Michoac\u00e1n dio una negativa a la conformaci\u00f3n de la llamada \u201cBancada Naranja\u201d de Movimiento Ciudadano debido a que la solicitud de su conformaci\u00f3n es de forma extemporanea al periodo regular que tiene el Poder Legislativo para establecer las bancadas, esto en respuesta a la determinaci\u00f3n del Tribunal Electoral del Estado [&hellip;]<\/p>\n","protected":false},"author":2,"featured_media":50332,"comment_status":"open","ping_status":"open","sticky":false,"template":"","format":"standard","meta":{"om_disable_all_campaigns":false,"_monsterinsights_skip_tracking":false,"_monsterinsights_sitenote_active":false,"_monsterinsights_sitenote_note":"","_monsterinsights_sitenote_category":0,"_uf_show_specific_survey":0,"_uf_disable_surveys":false,"_jetpack_memberships_contains_paid_content":false,"footnotes":"","jetpack_publicize_message":"Congreso da negativa a conformaci\u00f3n de la \u201cbancada naranja\u201d","jetpack_publicize_feature_enabled":true,"jetpack_social_post_already_shared":true,"jetpack_social_options":{"image_generator_settings":{"template":"highway","default_image_id":0,"enabled":false},"version":2}},"categories":[15],"tags":[],"class_list":{"0":"post-50331","1":"post","2":"type-post","3":"status-publish","4":"format-standard","5":"has-post-thumbnail","7":"category-michoacan"},"aioseo_notices":[],"jetpack_publicize_connections":[],"jetpack_featured_media_url":"https:\/\/mediagroup.mx\/wp-content\/uploads\/2023\/11\/Congreso-de-Michoacan-1-1-1160x700-1.jpeg","jetpack_sharing_enabled":true,"_links":{"self":[{"href":"https:\/\/mediagroup.mx\/index.php\/wp-json\/wp\/v2\/posts\/50331","targetHints":{"allow":["GET"]}}],"collection":[{"href":"https:\/\/mediagroup.mx\/index.php\/wp-json\/wp\/v2\/posts"}],"about":[{"href":"https:\/\/mediagroup.mx\/index.php\/wp-json\/wp\/v2\/types\/post"}],"author":[{"embeddable":true,"href":"https:\/\/mediagroup.mx\/index.php\/wp-json\/wp\/v2\/users\/2"}],"replies":[{"embeddable":true,"href":"https:\/\/mediagroup.mx\/index.php\/wp-json\/wp\/v2\/comments?post=50331"}],"version-history":[{"count":1,"href":"https:\/\/mediagroup.mx\/index.php\/wp-json\/wp\/v2\/posts\/50331\/revisions"}],"predecessor-version":[{"id":50333,"href":"https:\/\/mediagroup.mx\/index.php\/wp-json\/wp\/v2\/posts\/50331\/revisions\/50333"}],"wp:featuredmedia":[{"embeddable":true,"href":"https:\/\/mediagroup.mx\/index.php\/wp-json\/wp\/v2\/media\/50332"}],"wp:attachment":[{"href":"https:\/\/mediagroup.mx\/index.php\/wp-json\/wp\/v2\/media?parent=50331"}],"wp:term":[{"taxonomy":"category","embeddable":true,"href":"https:\/\/mediagroup.mx\/index.php\/wp-json\/wp\/v2\/categories?post=50331"},{"taxonomy":"post_tag","embeddable":true,"href":"https:\/\/mediagroup.mx\/index.php\/wp-json\/wp\/v2\/tags?post=50331"}],"curies":[{"name":"wp","href":"https:\/\/api.w.org\/{rel}","templated":true}]}}