{"id":50421,"date":"2023-11-08T18:27:27","date_gmt":"2023-11-08T18:27:27","guid":{"rendered":"https:\/\/mediagroup.mx\/?p=50421"},"modified":"2023-11-08T18:27:27","modified_gmt":"2023-11-08T18:27:27","slug":"entregan-utiles-escolares-a-alumnos-del-cecytem-de-san-nicolas-obispo","status":"publish","type":"post","link":"https:\/\/mediagroup.mx\/index.php\/2023\/11\/08\/entregan-utiles-escolares-a-alumnos-del-cecytem-de-san-nicolas-obispo\/","title":{"rendered":"Entregan \u00fatiles escolares a alumnos del Cecytem de San Nicol\u00e1s Obispo"},"content":{"rendered":"<p>El Ayuntamiento de Morelia realiz\u00f3 una Jornada Integral en la tenencia de San Nicol\u00e1s Obispo con la entrega de \u00fatiles escolares a alumnos del Cecytem, donde el presidente municipal, Alfonso Mart\u00ednez Alc\u00e1zar, resalt\u00f3 la donaci\u00f3n que se hizo desde el Cabildo de un predio de 2 mil 212 metros cuadrados para la construcci\u00f3n de un plantel de educaci\u00f3n media superior.<\/p>\n<p>Asimismo, detall\u00f3 que en esta jornada se acercaron los servicios de la Direcci\u00f3n Municipal de Salud para atender a la ciudadan\u00eda.<\/p>\n<p>Por otro lado, hizo un compromiso con el plantel del Cecytem para llevar al cine a sus 170 alumnos.<\/p>\n<p>Por: Jes\u00fas Gonz\u00e1lez<\/p>\n","protected":false},"excerpt":{"rendered":"<p>El Ayuntamiento de Morelia realiz\u00f3 una Jornada Integral en la tenencia de San Nicol\u00e1s Obispo con la entrega de \u00fatiles escolares a alumnos del Cecytem, donde el presidente municipal, Alfonso Mart\u00ednez Alc\u00e1zar, resalt\u00f3 la donaci\u00f3n que se hizo desde el Cabildo de un predio de 2 mil 212 metros cuadrados para la construcci\u00f3n de un [&hellip;]<\/p>\n","protected":false},"author":2,"featured_media":50422,"comment_status":"open","ping_status":"open","sticky":false,"template":"","format":"standard","meta":{"om_disable_all_campaigns":false,"_monsterinsights_skip_tracking":false,"_monsterinsights_sitenote_active":false,"_monsterinsights_sitenote_note":"","_monsterinsights_sitenote_category":0,"_uf_show_specific_survey":0,"_uf_disable_surveys":false,"_jetpack_memberships_contains_paid_content":false,"footnotes":"","jetpack_publicize_message":"#Morelia Entregan \u00fatiles escolares a alumnos del Cecytem de San Nicol\u00e1s Obispo","jetpack_publicize_feature_enabled":true,"jetpack_social_post_already_shared":true,"jetpack_social_options":{"image_generator_settings":{"template":"highway","default_image_id":0,"enabled":false},"version":2}},"categories":[22,17],"tags":[],"class_list":{"0":"post-50421","1":"post","2":"type-post","3":"status-publish","4":"format-standard","5":"has-post-thumbnail","7":"category-educacion","8":"category-morelia"},"aioseo_notices":[],"jetpack_publicize_connections":[],"jetpack_featured_media_url":"https:\/\/mediagroup.mx\/wp-content\/uploads\/2023\/11\/e6dc61bd-d679-4331-a3dd-70c366593799.jpeg","jetpack_sharing_enabled":true,"_links":{"self":[{"href":"https:\/\/mediagroup.mx\/index.php\/wp-json\/wp\/v2\/posts\/50421","targetHints":{"allow":["GET"]}}],"collection":[{"href":"https:\/\/mediagroup.mx\/index.php\/wp-json\/wp\/v2\/posts"}],"about":[{"href":"https:\/\/mediagroup.mx\/index.php\/wp-json\/wp\/v2\/types\/post"}],"author":[{"embeddable":true,"href":"https:\/\/mediagroup.mx\/index.php\/wp-json\/wp\/v2\/users\/2"}],"replies":[{"embeddable":true,"href":"https:\/\/mediagroup.mx\/index.php\/wp-json\/wp\/v2\/comments?post=50421"}],"version-history":[{"count":1,"href":"https:\/\/mediagroup.mx\/index.php\/wp-json\/wp\/v2\/posts\/50421\/revisions"}],"predecessor-version":[{"id":50423,"href":"https:\/\/mediagroup.mx\/index.php\/wp-json\/wp\/v2\/posts\/50421\/revisions\/50423"}],"wp:featuredmedia":[{"embeddable":true,"href":"https:\/\/mediagroup.mx\/index.php\/wp-json\/wp\/v2\/media\/50422"}],"wp:attachment":[{"href":"https:\/\/mediagroup.mx\/index.php\/wp-json\/wp\/v2\/media?parent=50421"}],"wp:term":[{"taxonomy":"category","embeddable":true,"href":"https:\/\/mediagroup.mx\/index.php\/wp-json\/wp\/v2\/categories?post=50421"},{"taxonomy":"post_tag","embeddable":true,"href":"https:\/\/mediagroup.mx\/index.php\/wp-json\/wp\/v2\/tags?post=50421"}],"curies":[{"name":"wp","href":"https:\/\/api.w.org\/{rel}","templated":true}]}}