{"id":50424,"date":"2023-11-08T18:43:53","date_gmt":"2023-11-08T18:43:53","guid":{"rendered":"https:\/\/mediagroup.mx\/?p=50424"},"modified":"2023-11-08T18:43:53","modified_gmt":"2023-11-08T18:43:53","slug":"comerciantes-de-canas-de-fiestas-guadalupanas-iniciaran-a-instalarse-el-19-de-noviembre","status":"publish","type":"post","link":"https:\/\/mediagroup.mx\/index.php\/2023\/11\/08\/comerciantes-de-canas-de-fiestas-guadalupanas-iniciaran-a-instalarse-el-19-de-noviembre\/","title":{"rendered":"Comerciantes de ca\u00f1as de Fiestas Guadalupanas iniciar\u00e1n a instalarse el 19 de noviembre"},"content":{"rendered":"<p>El secretario de Servicios P\u00fablicos Municipales de Morelia, Netzahualc\u00f3yotl V\u00e1zquez Vargas, inform\u00f3 en entrevista colectiva que los comerciantes de ca\u00f1as se comenzar\u00e1n a instalar el d\u00eda 19 de noviembre para iniciar con las actividades a partir del d\u00eda 20 y hasta el 12 de diciembre; se dijo listos desde el municipio, pues se ha tenido acercamiento con las uniones para mantener el orden.<\/p>\n<p>Del 20 de noviembre al 10 de diciembre, ser\u00e1 la primera etapa, con 300 espacios para los oferentes; mientras que el 10, 11 y 12 incrementar\u00e1 este n\u00famero a mil 100.<\/p>\n<p>Por: Jes\u00fas Gonz\u00e1lez<\/p>\n","protected":false},"excerpt":{"rendered":"<p>El secretario de Servicios P\u00fablicos Municipales de Morelia, Netzahualc\u00f3yotl V\u00e1zquez Vargas, inform\u00f3 en entrevista colectiva que los comerciantes de ca\u00f1as se comenzar\u00e1n a instalar el d\u00eda 19 de noviembre para iniciar con las actividades a partir del d\u00eda 20 y hasta el 12 de diciembre; se dijo listos desde el municipio, pues se ha tenido [&hellip;]<\/p>\n","protected":false},"author":2,"featured_media":50425,"comment_status":"open","ping_status":"open","sticky":false,"template":"","format":"standard","meta":{"om_disable_all_campaigns":false,"_monsterinsights_skip_tracking":false,"_monsterinsights_sitenote_active":false,"_monsterinsights_sitenote_note":"","_monsterinsights_sitenote_category":0,"_uf_show_specific_survey":0,"_uf_disable_surveys":false,"_jetpack_memberships_contains_paid_content":false,"footnotes":"","jetpack_publicize_message":"#Morelia Comerciantes de ca\u00f1as de Fiestas Guadalupanas iniciar\u00e1n a instalarse el 19 de noviembre","jetpack_publicize_feature_enabled":true,"jetpack_social_post_already_shared":true,"jetpack_social_options":{"image_generator_settings":{"template":"highway","default_image_id":0,"enabled":false},"version":2}},"categories":[17],"tags":[],"class_list":{"0":"post-50424","1":"post","2":"type-post","3":"status-publish","4":"format-standard","5":"has-post-thumbnail","7":"category-morelia"},"aioseo_notices":[],"jetpack_publicize_connections":[],"jetpack_featured_media_url":"https:\/\/mediagroup.mx\/wp-content\/uploads\/2023\/11\/f3ea3558-ff6e-4d90-bce1-05b907ecb699.jpeg","jetpack_sharing_enabled":true,"_links":{"self":[{"href":"https:\/\/mediagroup.mx\/index.php\/wp-json\/wp\/v2\/posts\/50424","targetHints":{"allow":["GET"]}}],"collection":[{"href":"https:\/\/mediagroup.mx\/index.php\/wp-json\/wp\/v2\/posts"}],"about":[{"href":"https:\/\/mediagroup.mx\/index.php\/wp-json\/wp\/v2\/types\/post"}],"author":[{"embeddable":true,"href":"https:\/\/mediagroup.mx\/index.php\/wp-json\/wp\/v2\/users\/2"}],"replies":[{"embeddable":true,"href":"https:\/\/mediagroup.mx\/index.php\/wp-json\/wp\/v2\/comments?post=50424"}],"version-history":[{"count":1,"href":"https:\/\/mediagroup.mx\/index.php\/wp-json\/wp\/v2\/posts\/50424\/revisions"}],"predecessor-version":[{"id":50426,"href":"https:\/\/mediagroup.mx\/index.php\/wp-json\/wp\/v2\/posts\/50424\/revisions\/50426"}],"wp:featuredmedia":[{"embeddable":true,"href":"https:\/\/mediagroup.mx\/index.php\/wp-json\/wp\/v2\/media\/50425"}],"wp:attachment":[{"href":"https:\/\/mediagroup.mx\/index.php\/wp-json\/wp\/v2\/media?parent=50424"}],"wp:term":[{"taxonomy":"category","embeddable":true,"href":"https:\/\/mediagroup.mx\/index.php\/wp-json\/wp\/v2\/categories?post=50424"},{"taxonomy":"post_tag","embeddable":true,"href":"https:\/\/mediagroup.mx\/index.php\/wp-json\/wp\/v2\/tags?post=50424"}],"curies":[{"name":"wp","href":"https:\/\/api.w.org\/{rel}","templated":true}]}}