{"id":50427,"date":"2023-11-08T18:46:51","date_gmt":"2023-11-08T18:46:51","guid":{"rendered":"https:\/\/mediagroup.mx\/?p=50427"},"modified":"2023-11-08T18:46:51","modified_gmt":"2023-11-08T18:46:51","slug":"pendientes-del-fnls-por-toma-de-la-plaza-melchor-ocampo-no-son-con-el-estado-y-no-con-el-municipio-alfonso-martinez","status":"publish","type":"post","link":"https:\/\/mediagroup.mx\/index.php\/2023\/11\/08\/pendientes-del-fnls-por-toma-de-la-plaza-melchor-ocampo-no-son-con-el-estado-y-no-con-el-municipio-alfonso-martinez\/","title":{"rendered":"Pendientes del FNLS por toma de la Plaza Melchor Ocampo no son con el estado y no con el municipio: Alfonso Mart\u00ednez"},"content":{"rendered":"<p>El presidente municipal de Morelia, Alfonso Mart\u00ednez Alc\u00e1zar, afirm\u00f3 que los pendientes del Frente Nacional de Lucha por el Socialismo (FNLS) por la toma de la Plaza Melchor Ocampo son con el gobierno del estado y no con el municipio, como lo habr\u00eda se\u00f1alado el secretario de gobierno El\u00edas Ibarra Torres.<\/p>\n<p>Por su parte, el secretario del Ayuntamiento, Yankel Ben\u00edtez Silva, acus\u00f3 que Ibarra Torres est\u00e1 mal informado, pues las demandas del FNLS son ser escuchados por el gobierno estatal, lo cual no ha sucedido.<\/p>\n<p>Asimismo, inform\u00f3 que desde que est\u00e1 el plant\u00f3n instalado se han tenido que negar 7 solicitudes para la realizaci\u00f3n de eventos de car\u00e1cter c\u00edvico y cultural.<\/p>\n<p>Por \u00faltimo, agreg\u00f3 que les han ofrecido la reubicaci\u00f3n a otras plazas p\u00fablicas para que esta semana quede liberada la Melchor Ocampo.<\/p>\n<p>Por: Jes\u00fas Gonz\u00e1lez<\/p>\n","protected":false},"excerpt":{"rendered":"<p>El presidente municipal de Morelia, Alfonso Mart\u00ednez Alc\u00e1zar, afirm\u00f3 que los pendientes del Frente Nacional de Lucha por el Socialismo (FNLS) por la toma de la Plaza Melchor Ocampo son con el gobierno del estado y no con el municipio, como lo habr\u00eda se\u00f1alado el secretario de gobierno El\u00edas Ibarra Torres. Por su parte, el [&hellip;]<\/p>\n","protected":false},"author":2,"featured_media":50428,"comment_status":"open","ping_status":"open","sticky":false,"template":"","format":"standard","meta":{"om_disable_all_campaigns":false,"_monsterinsights_skip_tracking":false,"_monsterinsights_sitenote_active":false,"_monsterinsights_sitenote_note":"","_monsterinsights_sitenote_category":0,"_uf_show_specific_survey":0,"_uf_disable_surveys":false,"_jetpack_memberships_contains_paid_content":false,"footnotes":"","jetpack_publicize_message":"Pendientes del FNLS por toma de la Plaza Melchor Ocampo no son con el estado y no con el municipio: Alfonso Mart\u00ednez","jetpack_publicize_feature_enabled":true,"jetpack_social_post_already_shared":true,"jetpack_social_options":{"image_generator_settings":{"template":"highway","default_image_id":0,"enabled":false},"version":2}},"categories":[17],"tags":[],"class_list":{"0":"post-50427","1":"post","2":"type-post","3":"status-publish","4":"format-standard","5":"has-post-thumbnail","7":"category-morelia"},"aioseo_notices":[],"jetpack_publicize_connections":[],"jetpack_featured_media_url":"https:\/\/mediagroup.mx\/wp-content\/uploads\/2023\/11\/74780627-c51b-4a18-9b7d-a9a7a9a527a8.jpeg","jetpack_sharing_enabled":true,"_links":{"self":[{"href":"https:\/\/mediagroup.mx\/index.php\/wp-json\/wp\/v2\/posts\/50427","targetHints":{"allow":["GET"]}}],"collection":[{"href":"https:\/\/mediagroup.mx\/index.php\/wp-json\/wp\/v2\/posts"}],"about":[{"href":"https:\/\/mediagroup.mx\/index.php\/wp-json\/wp\/v2\/types\/post"}],"author":[{"embeddable":true,"href":"https:\/\/mediagroup.mx\/index.php\/wp-json\/wp\/v2\/users\/2"}],"replies":[{"embeddable":true,"href":"https:\/\/mediagroup.mx\/index.php\/wp-json\/wp\/v2\/comments?post=50427"}],"version-history":[{"count":1,"href":"https:\/\/mediagroup.mx\/index.php\/wp-json\/wp\/v2\/posts\/50427\/revisions"}],"predecessor-version":[{"id":50429,"href":"https:\/\/mediagroup.mx\/index.php\/wp-json\/wp\/v2\/posts\/50427\/revisions\/50429"}],"wp:featuredmedia":[{"embeddable":true,"href":"https:\/\/mediagroup.mx\/index.php\/wp-json\/wp\/v2\/media\/50428"}],"wp:attachment":[{"href":"https:\/\/mediagroup.mx\/index.php\/wp-json\/wp\/v2\/media?parent=50427"}],"wp:term":[{"taxonomy":"category","embeddable":true,"href":"https:\/\/mediagroup.mx\/index.php\/wp-json\/wp\/v2\/categories?post=50427"},{"taxonomy":"post_tag","embeddable":true,"href":"https:\/\/mediagroup.mx\/index.php\/wp-json\/wp\/v2\/tags?post=50427"}],"curies":[{"name":"wp","href":"https:\/\/api.w.org\/{rel}","templated":true}]}}