{"id":50430,"date":"2023-11-08T19:12:19","date_gmt":"2023-11-08T19:12:19","guid":{"rendered":"https:\/\/mediagroup.mx\/?p=50430"},"modified":"2023-11-08T19:12:19","modified_gmt":"2023-11-08T19:12:19","slug":"movimiento-ciudadano-tendra-su-bancada-dentro-del-congreso-de-michoacan-confirma-oscar-escobar","status":"publish","type":"post","link":"https:\/\/mediagroup.mx\/index.php\/2023\/11\/08\/movimiento-ciudadano-tendra-su-bancada-dentro-del-congreso-de-michoacan-confirma-oscar-escobar\/","title":{"rendered":"Movimiento Ciudadano tendr\u00e1 su bancada dentro del Congreso de Michoac\u00e1n, confirma Oscar Escobar"},"content":{"rendered":"<p>El diputado Oscar Escobar Ledesma declar\u00f3 que Movimiento Ciudadano tendr\u00e1 finalmente su grupo parlamentario al interior del Congreso de Michoac\u00e1n, luego de que se acatara la determinaci\u00f3n del Tribunal Electoral del Estado de Michoac\u00e1n.<\/p>\n<p>Indic\u00f3 que en pr\u00f3ximas sesiones se notificar\u00e1 al Pleno del Poder Legislativo acerca de la instalaci\u00f3n de este nuevo grupo parlamentario, pues en la Junta de Coordinaci\u00f3n Pol\u00edtica ya se dio el voto positivo para esta nueva bancada.<\/p>\n<p>Por: Miguel Santos<\/p>\n","protected":false},"excerpt":{"rendered":"<p>El diputado Oscar Escobar Ledesma declar\u00f3 que Movimiento Ciudadano tendr\u00e1 finalmente su grupo parlamentario al interior del Congreso de Michoac\u00e1n, luego de que se acatara la determinaci\u00f3n del Tribunal Electoral del Estado de Michoac\u00e1n. Indic\u00f3 que en pr\u00f3ximas sesiones se notificar\u00e1 al Pleno del Poder Legislativo acerca de la instalaci\u00f3n de este nuevo grupo parlamentario, [&hellip;]<\/p>\n","protected":false},"author":2,"featured_media":50431,"comment_status":"open","ping_status":"open","sticky":false,"template":"","format":"standard","meta":{"om_disable_all_campaigns":false,"_monsterinsights_skip_tracking":false,"_monsterinsights_sitenote_active":false,"_monsterinsights_sitenote_note":"","_monsterinsights_sitenote_category":0,"_uf_show_specific_survey":0,"_uf_disable_surveys":false,"_jetpack_memberships_contains_paid_content":false,"footnotes":"","jetpack_publicize_message":"Movimiento Ciudadano tendr\u00e1 su bancada dentro del Congreso de Michoac\u00e1n, confirma Oscar Escobar","jetpack_publicize_feature_enabled":true,"jetpack_social_post_already_shared":true,"jetpack_social_options":{"image_generator_settings":{"template":"highway","default_image_id":0,"enabled":false},"version":2}},"categories":[15],"tags":[],"class_list":{"0":"post-50430","1":"post","2":"type-post","3":"status-publish","4":"format-standard","5":"has-post-thumbnail","7":"category-michoacan"},"aioseo_notices":[],"jetpack_publicize_connections":[],"jetpack_featured_media_url":"https:\/\/mediagroup.mx\/wp-content\/uploads\/2023\/11\/b12f5c79-51e3-4bc4-a6c1-394fef7151c4.jpeg","jetpack_sharing_enabled":true,"_links":{"self":[{"href":"https:\/\/mediagroup.mx\/index.php\/wp-json\/wp\/v2\/posts\/50430","targetHints":{"allow":["GET"]}}],"collection":[{"href":"https:\/\/mediagroup.mx\/index.php\/wp-json\/wp\/v2\/posts"}],"about":[{"href":"https:\/\/mediagroup.mx\/index.php\/wp-json\/wp\/v2\/types\/post"}],"author":[{"embeddable":true,"href":"https:\/\/mediagroup.mx\/index.php\/wp-json\/wp\/v2\/users\/2"}],"replies":[{"embeddable":true,"href":"https:\/\/mediagroup.mx\/index.php\/wp-json\/wp\/v2\/comments?post=50430"}],"version-history":[{"count":1,"href":"https:\/\/mediagroup.mx\/index.php\/wp-json\/wp\/v2\/posts\/50430\/revisions"}],"predecessor-version":[{"id":50432,"href":"https:\/\/mediagroup.mx\/index.php\/wp-json\/wp\/v2\/posts\/50430\/revisions\/50432"}],"wp:featuredmedia":[{"embeddable":true,"href":"https:\/\/mediagroup.mx\/index.php\/wp-json\/wp\/v2\/media\/50431"}],"wp:attachment":[{"href":"https:\/\/mediagroup.mx\/index.php\/wp-json\/wp\/v2\/media?parent=50430"}],"wp:term":[{"taxonomy":"category","embeddable":true,"href":"https:\/\/mediagroup.mx\/index.php\/wp-json\/wp\/v2\/categories?post=50430"},{"taxonomy":"post_tag","embeddable":true,"href":"https:\/\/mediagroup.mx\/index.php\/wp-json\/wp\/v2\/tags?post=50430"}],"curies":[{"name":"wp","href":"https:\/\/api.w.org\/{rel}","templated":true}]}}