{"id":50496,"date":"2023-11-13T21:42:46","date_gmt":"2023-11-13T21:42:46","guid":{"rendered":"https:\/\/mediagroup.mx\/?p=50496"},"modified":"2023-11-13T21:42:46","modified_gmt":"2023-11-13T21:42:46","slug":"daniela-de-los-santos-anuncia-segundo-torneo-estatal-de-ajedrez-2023-en-el-congreso-del-estado","status":"publish","type":"post","link":"https:\/\/mediagroup.mx\/index.php\/2023\/11\/13\/daniela-de-los-santos-anuncia-segundo-torneo-estatal-de-ajedrez-2023-en-el-congreso-del-estado\/","title":{"rendered":"Daniela de los Santos anuncia segundo torneo estatal de Ajedrez 2023 en el Congreso del Estado"},"content":{"rendered":"<p style=\"text-align: justify;\">Con la finalidad de incentivar la pr\u00e1ctica del ajedrez en Michoac\u00e1n, la diputada Daniela de los Santos Torres anunci\u00f3 la segunda edici\u00f3n del Torneo Estatal de Ajedrez 2023, el cual tendr\u00e1 por sede el Congreso del Estado.<\/p>\n<p style=\"text-align: justify;\">Este torneo se realizar\u00e1 los pr\u00f3ximos 25 y 26 de noviembre del 2023 y a \u00e9l se podr\u00e1n inscribir desde los cuatro a\u00f1os de edad y se dividir\u00e1 en diversas categor\u00edas, se\u00f1al\u00f3 la legisladora.<\/p>\n<p style=\"text-align: justify;\">Armando El\u00edas, promotor estatal del Ajedrez, ahond\u00f3 m\u00e1s en las categor\u00edas que existir\u00e1n para este torneo y adelant\u00f3 que las cuotas de inscripci\u00f3n variar\u00e1n en sus precios y acorde a la categor\u00eda en que se inscriba.<\/p>\n<p style=\"text-align: justify;\">Para mayor informaci\u00f3n, as\u00ed como para inscripciones, se proporcion\u00f3 el n\u00famero telef\u00f3nico 44-34-10- 39-03, as\u00ed como el correo electr\u00f3nico AsociacionMichoacanaDeAjedrez@gmail.com.<\/p>\n<p>Por: Miguel Santos<\/p>\n","protected":false},"excerpt":{"rendered":"<p>Con la finalidad de incentivar la pr\u00e1ctica del ajedrez en Michoac\u00e1n, la diputada Daniela de los Santos Torres anunci\u00f3 la segunda edici\u00f3n del Torneo Estatal de Ajedrez 2023, el cual tendr\u00e1 por sede el Congreso del Estado. Este torneo se realizar\u00e1 los pr\u00f3ximos 25 y 26 de noviembre del 2023 y a \u00e9l se podr\u00e1n [&hellip;]<\/p>\n","protected":false},"author":2,"featured_media":50497,"comment_status":"open","ping_status":"open","sticky":false,"template":"","format":"standard","meta":{"om_disable_all_campaigns":false,"_monsterinsights_skip_tracking":false,"_monsterinsights_sitenote_active":false,"_monsterinsights_sitenote_note":"","_monsterinsights_sitenote_category":0,"_uf_show_specific_survey":0,"_uf_disable_surveys":false,"_jetpack_memberships_contains_paid_content":false,"footnotes":"","jetpack_publicize_message":"Daniela de los Santos anuncia segundo torneo estatal de Ajedrez 2023 en el Congreso del Estado","jetpack_publicize_feature_enabled":true,"jetpack_social_post_already_shared":true,"jetpack_social_options":{"image_generator_settings":{"template":"highway","default_image_id":0,"enabled":false},"version":2}},"categories":[21,15],"tags":[],"class_list":{"0":"post-50496","1":"post","2":"type-post","3":"status-publish","4":"format-standard","5":"has-post-thumbnail","7":"category-entretenimiento","8":"category-michoacan"},"aioseo_notices":[],"jetpack_publicize_connections":[],"jetpack_featured_media_url":"https:\/\/mediagroup.mx\/wp-content\/uploads\/2023\/11\/WhatsApp-Image-2023-11-13-at-1.33.47-PM.jpeg","jetpack_sharing_enabled":true,"_links":{"self":[{"href":"https:\/\/mediagroup.mx\/index.php\/wp-json\/wp\/v2\/posts\/50496","targetHints":{"allow":["GET"]}}],"collection":[{"href":"https:\/\/mediagroup.mx\/index.php\/wp-json\/wp\/v2\/posts"}],"about":[{"href":"https:\/\/mediagroup.mx\/index.php\/wp-json\/wp\/v2\/types\/post"}],"author":[{"embeddable":true,"href":"https:\/\/mediagroup.mx\/index.php\/wp-json\/wp\/v2\/users\/2"}],"replies":[{"embeddable":true,"href":"https:\/\/mediagroup.mx\/index.php\/wp-json\/wp\/v2\/comments?post=50496"}],"version-history":[{"count":1,"href":"https:\/\/mediagroup.mx\/index.php\/wp-json\/wp\/v2\/posts\/50496\/revisions"}],"predecessor-version":[{"id":50498,"href":"https:\/\/mediagroup.mx\/index.php\/wp-json\/wp\/v2\/posts\/50496\/revisions\/50498"}],"wp:featuredmedia":[{"embeddable":true,"href":"https:\/\/mediagroup.mx\/index.php\/wp-json\/wp\/v2\/media\/50497"}],"wp:attachment":[{"href":"https:\/\/mediagroup.mx\/index.php\/wp-json\/wp\/v2\/media?parent=50496"}],"wp:term":[{"taxonomy":"category","embeddable":true,"href":"https:\/\/mediagroup.mx\/index.php\/wp-json\/wp\/v2\/categories?post=50496"},{"taxonomy":"post_tag","embeddable":true,"href":"https:\/\/mediagroup.mx\/index.php\/wp-json\/wp\/v2\/tags?post=50496"}],"curies":[{"name":"wp","href":"https:\/\/api.w.org\/{rel}","templated":true}]}}