{"id":50502,"date":"2023-11-13T21:46:04","date_gmt":"2023-11-13T21:46:04","guid":{"rendered":"https:\/\/mediagroup.mx\/?p=50502"},"modified":"2023-11-13T21:46:04","modified_gmt":"2023-11-13T21:46:04","slug":"critica-adriana-hernandez-aprobacion-del-presupuesto-federal-2024","status":"publish","type":"post","link":"https:\/\/mediagroup.mx\/index.php\/2023\/11\/13\/critica-adriana-hernandez-aprobacion-del-presupuesto-federal-2024\/","title":{"rendered":"Critica Adriana Hern\u00e1ndez aprobaci\u00f3n del presupuesto federal 2024"},"content":{"rendered":"<p style=\"text-align: justify;\">La diputada Adriana Hern\u00e1ndez I\u00f1iguez critic\u00f3 la aprobaci\u00f3n del presupuesto federal 2024, el cual asciende a 9.06 billones de pesos, pues, argumenta que en este existen recortes para los estados y municipios.<\/p>\n<p style=\"text-align: justify;\">Adem\u00e1s, indic\u00f3 que existen recortes a la Secretar\u00eda de Salud, as\u00ed como al sector tur\u00edstico, el cual es muy importante para el estado de Michoac\u00e1n.<\/p>\n<p style=\"text-align: justify;\">Por otra parte, critic\u00f3 que se d\u00e9 un incremento al presupuesto de Petr\u00f3leos Mexicanos (PEMEX) y que no se haya destinado recursos para las familias afectadas en Guerrero por el hurac\u00e1n \u201cOtis\u201d.<\/p>\n<p>Por: Miguel Santos<\/p>\n","protected":false},"excerpt":{"rendered":"<p>La diputada Adriana Hern\u00e1ndez I\u00f1iguez critic\u00f3 la aprobaci\u00f3n del presupuesto federal 2024, el cual asciende a 9.06 billones de pesos, pues, argumenta que en este existen recortes para los estados y municipios. Adem\u00e1s, indic\u00f3 que existen recortes a la Secretar\u00eda de Salud, as\u00ed como al sector tur\u00edstico, el cual es muy importante para el estado [&hellip;]<\/p>\n","protected":false},"author":2,"featured_media":50503,"comment_status":"open","ping_status":"open","sticky":false,"template":"","format":"standard","meta":{"om_disable_all_campaigns":false,"_monsterinsights_skip_tracking":false,"_monsterinsights_sitenote_active":false,"_monsterinsights_sitenote_note":"","_monsterinsights_sitenote_category":0,"_uf_show_specific_survey":0,"_uf_disable_surveys":false,"_jetpack_memberships_contains_paid_content":false,"footnotes":"","jetpack_publicize_message":"Critica Adriana Hern\u00e1ndez aprobaci\u00f3n del presupuesto federal 2024","jetpack_publicize_feature_enabled":true,"jetpack_social_post_already_shared":true,"jetpack_social_options":{"image_generator_settings":{"template":"highway","default_image_id":0,"enabled":false},"version":2}},"categories":[15],"tags":[],"class_list":{"0":"post-50502","1":"post","2":"type-post","3":"status-publish","4":"format-standard","5":"has-post-thumbnail","7":"category-michoacan"},"aioseo_notices":[],"jetpack_publicize_connections":[],"jetpack_featured_media_url":"https:\/\/mediagroup.mx\/wp-content\/uploads\/2023\/11\/WhatsApp-Image-2023-11-13-at-3.44.02-PM.jpeg","jetpack_sharing_enabled":true,"_links":{"self":[{"href":"https:\/\/mediagroup.mx\/index.php\/wp-json\/wp\/v2\/posts\/50502","targetHints":{"allow":["GET"]}}],"collection":[{"href":"https:\/\/mediagroup.mx\/index.php\/wp-json\/wp\/v2\/posts"}],"about":[{"href":"https:\/\/mediagroup.mx\/index.php\/wp-json\/wp\/v2\/types\/post"}],"author":[{"embeddable":true,"href":"https:\/\/mediagroup.mx\/index.php\/wp-json\/wp\/v2\/users\/2"}],"replies":[{"embeddable":true,"href":"https:\/\/mediagroup.mx\/index.php\/wp-json\/wp\/v2\/comments?post=50502"}],"version-history":[{"count":1,"href":"https:\/\/mediagroup.mx\/index.php\/wp-json\/wp\/v2\/posts\/50502\/revisions"}],"predecessor-version":[{"id":50504,"href":"https:\/\/mediagroup.mx\/index.php\/wp-json\/wp\/v2\/posts\/50502\/revisions\/50504"}],"wp:featuredmedia":[{"embeddable":true,"href":"https:\/\/mediagroup.mx\/index.php\/wp-json\/wp\/v2\/media\/50503"}],"wp:attachment":[{"href":"https:\/\/mediagroup.mx\/index.php\/wp-json\/wp\/v2\/media?parent=50502"}],"wp:term":[{"taxonomy":"category","embeddable":true,"href":"https:\/\/mediagroup.mx\/index.php\/wp-json\/wp\/v2\/categories?post=50502"},{"taxonomy":"post_tag","embeddable":true,"href":"https:\/\/mediagroup.mx\/index.php\/wp-json\/wp\/v2\/tags?post=50502"}],"curies":[{"name":"wp","href":"https:\/\/api.w.org\/{rel}","templated":true}]}}