{"id":50505,"date":"2023-11-13T21:47:07","date_gmt":"2023-11-13T21:47:07","guid":{"rendered":"https:\/\/mediagroup.mx\/?p=50505"},"modified":"2023-11-13T21:47:07","modified_gmt":"2023-11-13T21:47:07","slug":"tacos-gratis-y-diversidad-de-mezcales-en-el-proximo-expo-feria-del-mezcal-y-el-taco-fest-madero-2023","status":"publish","type":"post","link":"https:\/\/mediagroup.mx\/index.php\/2023\/11\/13\/tacos-gratis-y-diversidad-de-mezcales-en-el-proximo-expo-feria-del-mezcal-y-el-taco-fest-madero-2023\/","title":{"rendered":"Tacos gratis y diversidad de mezcales en el pr\u00f3ximo \u201cExpo Feria del Mezcal y el Taco Fest Madero 2023\u201d"},"content":{"rendered":"<p style=\"text-align: justify;\">Del pr\u00f3ximo 18 al 22 de noviembre, Madero se llenar\u00e1 de sabor con su \u201cExpo Feria del Mezcal y el Taco Fest\u201d en donde se tendr\u00e1 una gran variedad de esta bebida con denominaci\u00f3n de origen, adem\u00e1s de que por parte del municipio se regalar\u00e1n cerca de 25 mil tacos a los asistentes, anunci\u00f3 el Tesorero municipal de Madero, Samuel Rojas.<\/p>\n<p style=\"text-align: justify;\">Por su parte, la directora de turismo, Melisa Garc\u00eda, se\u00f1al\u00f3 que espera que se pueda retomar el ritmo previo a la pandemia en donde llegaba turismo extranjero para visitar esta feria mezcalera e invit\u00f3 a conocer el parque tur\u00edstico de Et\u00facuaro.<\/p>\n<p>Por: Miguel Santos<\/p>\n","protected":false},"excerpt":{"rendered":"<p>Del pr\u00f3ximo 18 al 22 de noviembre, Madero se llenar\u00e1 de sabor con su \u201cExpo Feria del Mezcal y el Taco Fest\u201d en donde se tendr\u00e1 una gran variedad de esta bebida con denominaci\u00f3n de origen, adem\u00e1s de que por parte del municipio se regalar\u00e1n cerca de 25 mil tacos a los asistentes, anunci\u00f3 el [&hellip;]<\/p>\n","protected":false},"author":2,"featured_media":50507,"comment_status":"open","ping_status":"open","sticky":false,"template":"","format":"standard","meta":{"om_disable_all_campaigns":false,"_monsterinsights_skip_tracking":false,"_monsterinsights_sitenote_active":false,"_monsterinsights_sitenote_note":"","_monsterinsights_sitenote_category":0,"_uf_show_specific_survey":0,"_uf_disable_surveys":false,"_jetpack_memberships_contains_paid_content":false,"footnotes":"","jetpack_publicize_message":"Tacos gratis y diversidad de mezcales en el pr\u00f3ximo \u201cExpo Feria del Mezcal y el Taco Fest Madero 2023\u201d","jetpack_publicize_feature_enabled":true,"jetpack_social_post_already_shared":true,"jetpack_social_options":{"image_generator_settings":{"template":"highway","default_image_id":0,"enabled":false},"version":2}},"categories":[21],"tags":[],"class_list":{"0":"post-50505","1":"post","2":"type-post","3":"status-publish","4":"format-standard","5":"has-post-thumbnail","7":"category-entretenimiento"},"aioseo_notices":[],"jetpack_publicize_connections":[],"jetpack_featured_media_url":"https:\/\/mediagroup.mx\/wp-content\/uploads\/2023\/11\/WhatsApp-Image-2023-11-13-at-3.44.28-PM.jpeg","jetpack_sharing_enabled":true,"_links":{"self":[{"href":"https:\/\/mediagroup.mx\/index.php\/wp-json\/wp\/v2\/posts\/50505","targetHints":{"allow":["GET"]}}],"collection":[{"href":"https:\/\/mediagroup.mx\/index.php\/wp-json\/wp\/v2\/posts"}],"about":[{"href":"https:\/\/mediagroup.mx\/index.php\/wp-json\/wp\/v2\/types\/post"}],"author":[{"embeddable":true,"href":"https:\/\/mediagroup.mx\/index.php\/wp-json\/wp\/v2\/users\/2"}],"replies":[{"embeddable":true,"href":"https:\/\/mediagroup.mx\/index.php\/wp-json\/wp\/v2\/comments?post=50505"}],"version-history":[{"count":1,"href":"https:\/\/mediagroup.mx\/index.php\/wp-json\/wp\/v2\/posts\/50505\/revisions"}],"predecessor-version":[{"id":50508,"href":"https:\/\/mediagroup.mx\/index.php\/wp-json\/wp\/v2\/posts\/50505\/revisions\/50508"}],"wp:featuredmedia":[{"embeddable":true,"href":"https:\/\/mediagroup.mx\/index.php\/wp-json\/wp\/v2\/media\/50507"}],"wp:attachment":[{"href":"https:\/\/mediagroup.mx\/index.php\/wp-json\/wp\/v2\/media?parent=50505"}],"wp:term":[{"taxonomy":"category","embeddable":true,"href":"https:\/\/mediagroup.mx\/index.php\/wp-json\/wp\/v2\/categories?post=50505"},{"taxonomy":"post_tag","embeddable":true,"href":"https:\/\/mediagroup.mx\/index.php\/wp-json\/wp\/v2\/tags?post=50505"}],"curies":[{"name":"wp","href":"https:\/\/api.w.org\/{rel}","templated":true}]}}