{"id":50509,"date":"2023-11-13T22:04:38","date_gmt":"2023-11-13T22:04:38","guid":{"rendered":"https:\/\/mediagroup.mx\/?p=50509"},"modified":"2023-11-13T22:04:38","modified_gmt":"2023-11-13T22:04:38","slug":"esto-es-lo-que-se-sabe-de-la-muerte-de-magistrade-jesus-ociel-baena-saucedo","status":"publish","type":"post","link":"https:\/\/mediagroup.mx\/index.php\/2023\/11\/13\/esto-es-lo-que-se-sabe-de-la-muerte-de-magistrade-jesus-ociel-baena-saucedo\/","title":{"rendered":"Esto es lo que se sabe de la muerte de magistrade Jes\u00fas Ociel Baena Saucedo"},"content":{"rendered":"<p class=\"sc__font-paragraph\" style=\"text-align: justify;\">Durante la ma\u00f1ana de este\u00a0<b>lunes 13 de noviembre<\/b>\u00a0se comenz\u00f3 a rumorar en redes sociales que<a href=\"https:\/\/www.eluniversal.com.mx\/tag\/ociel-baena\/\" target=\"_blank\" rel=\"noopener\"><b>\u00a0Ociel Baena Saucedo<\/b><\/a>, magistrade del Tribunal Electoral de Aguascalientes hab\u00eda sido mencontrado sin vida. Minutos m\u00e1s tarde, autoridades locales y federales confirmaron la tragedia.<\/p>\n<p class=\"sc__font-paragraph\" style=\"text-align: justify;\">Fue el presidente del Tribunal Electoral,\u00a0<b>Salvador Hern\u00e1ndez<\/b>, quien inform\u00f3 que presuntamente entre las v\u00edctimas estaban Baena Saucedo y otra persona, \u201cpero no sabemos\u00a0<b>qu\u00e9 fue lo que pas\u00f3<\/b>\u201d.<\/p>\n<p class=\"sc__font-paragraph\" style=\"text-align: justify;\">El presidente acudi\u00f3 al domicilio del magistrade, pero no logr\u00f3 entrar por estar acordonado por autoridades.<\/p>\n<p class=\"sc__font-paragraph\" style=\"text-align: justify;\">Asimismo, el secretario de Seguridad P\u00fablica de Estado, Manuel Alonso Garc\u00eda, confirm\u00f3 el hallazgo de dos personas sin vida en el departamento de le magistrade.<\/p>\n<p class=\"sc__font-paragraph\" style=\"text-align: justify;\">Por su parte,\u00a0<b>Rosa Icela Rodr\u00edguez<\/b>, titular de la Secretar\u00eda de Seguridad y Protecci\u00f3n Ciudadana, afirm\u00f3 lo sucedido durante la conferencia de prensa del presidente, Andr\u00e9s Manuel L\u00f3pez Obrador, y dijo que \u201cse va a hacer la investigaci\u00f3n\u201d para ver si se trat\u00f3 de un\u00a0<b>accidente o un asesinato<\/b>.<\/p>\n<p class=\"sc__font-paragraph\" style=\"text-align: justify;\">Durante un evento en la Universidad Iberoamericana, el magistrado de la Sala Superior del Tribunal Electoral del Poder Judicial de la Federaci\u00f3n (TEPJF), Felipe de la Mata, pidi\u00f3 un minuto de silencio ante la muerte de Baena y exigen esclarecer esta.<\/p>\n<p class=\"sc__font-paragraph\" style=\"text-align: justify;\">Jes\u00fas Figueroa Ortega, fiscal General de Aguascalientes, inform\u00f3 que le magistrade Jes\u00fas Ociel Baena Saucedo y su pareja sentimental presentaban<b>\u00a0lesiones producidas por navajas<\/b>, que podr\u00edan ser la causa de su muerte.<\/p>\n<p class=\"sc__font-paragraph\" style=\"text-align: justify;\">De acuerdo con las primeras indagatorias, se intuy\u00f3 que por las heridas y por la forma en que se encontraron los cuerpos se permite establecer que todo pudo haber ocurrido entre elles, sin embargo, falta que terminen las investigaciones.<\/p>\n<p class=\"sc__font-paragraph\" style=\"text-align: justify;\">El fiscal agreg\u00f3 que no hay indicios de que una tercera persona haya estado en el lugar del posible crimen.<\/p>\n<p class=\"sc__font-paragraph\" style=\"text-align: justify;\">Los fallecidos hab\u00edan llegado a su casa a la 1:16 horas de hoy; por la ma\u00f1ana la empleada dom\u00e9stica los encontr\u00f3 sin vida.<\/p>\n<p class=\"sc__font-paragraph\" style=\"text-align: justify;\">Cabe recordar que Ociel Baena Saucedo ya hab\u00eda solicitado en julio pasado\u00a0<b>medidas de protecci\u00f3n ante las amenazas de muerte<\/b>\u00a0de las que era objeto.<\/p>\n<p class=\"sc__font-paragraph\" style=\"text-align: justify;\">\u201cDerivado de los m\u00faltiples ataques a mi personal, el homicidio de Ulises, los discursos de odio de la senadora Martha M\u00e1rquez, las amenazas de muerte en mis redes sociales, la Sala Superior orden\u00f3 dar vista al Mecanismo de protecci\u00f3n integral de personas defensoras de DDHH\u201d, public\u00f3 en sus redes sociales el 31 de julio.<\/p>\n<p class=\"sc__font-paragraph\" style=\"text-align: justify;\">Dicha solicitud tuvo lugar luego del asesinato del activista de la diversidad sexual y acad\u00e9mico de la Universidad Aut\u00f3noma de Guerrero, Ulises Nava, ocurrido el pasado 15 de julio en las puertas del Museo Descubre, en Aguascalientes.<\/p>\n<p class=\"sc__font-paragraph\" style=\"text-align: justify;\">Un d\u00eda antes de ser hallado sin vida, le magistrade participio en el evento \u201cEscenarios Pol\u00edticos, Nueva Realidad Partidista: Acciones afirmativas y paridad de g\u00e9nero\u201d, organizado por el Partido del Trabajo (PT) en la ciudad de Oaxaca, en lo que fue su primera y \u00fanica visita a la entidad.<\/p>\n<p class=\"sc__font-paragraph\" style=\"text-align: justify;\">Ociel Baena se ve\u00eda alegre, participative, hac\u00eda bromas durante su participaci\u00f3n y al final se tom\u00f3 fotos con quienes se lo solicitaban.<\/p>\n<p class=\"sc__font-paragraph\" style=\"text-align: justify;\">Habl\u00f3 sobre conceptos como la democracia inclusiva y advirti\u00f3 a modo de broma: \u201cYo creo desde el principio que no me van a soportar y la que juzgue\u201d, mientras agitaba un abanico arco\u00edris, emblema de la diversidad sexual.<\/p>\n<p class=\"sc__font-paragraph\" style=\"text-align: justify;\">\u201cYo soy una persona disruptiva desde el principio, porque lo que busco es romper el molde, romper el paradigma y as\u00ed es mi forma de ser y expresarme\u201d, expres\u00f3.<\/p>\n<p class=\"sc__font-paragraph\" style=\"text-align: justify;\">Relat\u00f3 que en su experiencia hab\u00eda vivido much\u00edsimos obst\u00e1culos, pues se le juzgaba por el hecho de usar tacones con falda antes que por el trabajo que hab\u00eda realizado como magistrade para abrir espacios para esta comunidad.<\/p>\n<p>Con informaci\u00f3n de: El Universal<\/p>\n","protected":false},"excerpt":{"rendered":"<p>Durante la ma\u00f1ana de este\u00a0lunes 13 de noviembre\u00a0se comenz\u00f3 a rumorar en redes sociales que\u00a0Ociel Baena Saucedo, magistrade del Tribunal Electoral de Aguascalientes hab\u00eda sido mencontrado sin vida. Minutos m\u00e1s tarde, autoridades locales y federales confirmaron la tragedia. Fue el presidente del Tribunal Electoral,\u00a0Salvador Hern\u00e1ndez, quien inform\u00f3 que presuntamente entre las v\u00edctimas estaban Baena Saucedo [&hellip;]<\/p>\n","protected":false},"author":2,"featured_media":50511,"comment_status":"open","ping_status":"open","sticky":false,"template":"","format":"standard","meta":{"om_disable_all_campaigns":false,"_monsterinsights_skip_tracking":false,"_monsterinsights_sitenote_active":false,"_monsterinsights_sitenote_note":"","_monsterinsights_sitenote_category":0,"_uf_show_specific_survey":0,"_uf_disable_surveys":false,"_jetpack_memberships_contains_paid_content":false,"footnotes":"","jetpack_publicize_message":"Esto es lo que se sabe de la muerte de magistrade Jes\u00fas Ociel Baena Saucedo","jetpack_publicize_feature_enabled":true,"jetpack_social_post_already_shared":true,"jetpack_social_options":{"image_generator_settings":{"template":"highway","default_image_id":0,"enabled":false},"version":2}},"categories":[23,16],"tags":[],"class_list":{"0":"post-50509","1":"post","2":"type-post","3":"status-publish","4":"format-standard","5":"has-post-thumbnail","7":"category-nacional","8":"category-viral"},"aioseo_notices":[],"jetpack_publicize_connections":[],"jetpack_featured_media_url":"https:\/\/mediagroup.mx\/wp-content\/uploads\/2023\/11\/Captura-de-pantalla-2023-11-13-a-las-16.03.00.png","jetpack_sharing_enabled":true,"_links":{"self":[{"href":"https:\/\/mediagroup.mx\/index.php\/wp-json\/wp\/v2\/posts\/50509","targetHints":{"allow":["GET"]}}],"collection":[{"href":"https:\/\/mediagroup.mx\/index.php\/wp-json\/wp\/v2\/posts"}],"about":[{"href":"https:\/\/mediagroup.mx\/index.php\/wp-json\/wp\/v2\/types\/post"}],"author":[{"embeddable":true,"href":"https:\/\/mediagroup.mx\/index.php\/wp-json\/wp\/v2\/users\/2"}],"replies":[{"embeddable":true,"href":"https:\/\/mediagroup.mx\/index.php\/wp-json\/wp\/v2\/comments?post=50509"}],"version-history":[{"count":1,"href":"https:\/\/mediagroup.mx\/index.php\/wp-json\/wp\/v2\/posts\/50509\/revisions"}],"predecessor-version":[{"id":50512,"href":"https:\/\/mediagroup.mx\/index.php\/wp-json\/wp\/v2\/posts\/50509\/revisions\/50512"}],"wp:featuredmedia":[{"embeddable":true,"href":"https:\/\/mediagroup.mx\/index.php\/wp-json\/wp\/v2\/media\/50511"}],"wp:attachment":[{"href":"https:\/\/mediagroup.mx\/index.php\/wp-json\/wp\/v2\/media?parent=50509"}],"wp:term":[{"taxonomy":"category","embeddable":true,"href":"https:\/\/mediagroup.mx\/index.php\/wp-json\/wp\/v2\/categories?post=50509"},{"taxonomy":"post_tag","embeddable":true,"href":"https:\/\/mediagroup.mx\/index.php\/wp-json\/wp\/v2\/tags?post=50509"}],"curies":[{"name":"wp","href":"https:\/\/api.w.org\/{rel}","templated":true}]}}