{"id":50526,"date":"2023-11-14T18:29:13","date_gmt":"2023-11-14T18:29:13","guid":{"rendered":"https:\/\/mediagroup.mx\/?p=50526"},"modified":"2023-11-14T18:29:13","modified_gmt":"2023-11-14T18:29:13","slug":"asi-sucedio-la-muerte-del-magistrade-ociel-baena-segun-datos-de-la-fiscalia","status":"publish","type":"post","link":"https:\/\/mediagroup.mx\/index.php\/2023\/11\/14\/asi-sucedio-la-muerte-del-magistrade-ociel-baena-segun-datos-de-la-fiscalia\/","title":{"rendered":"As\u00ed sucedi\u00f3 la muerte del magistrade Ociel Baena seg\u00fan datos de la Fiscal\u00eda"},"content":{"rendered":"<p style=\"text-align: justify;\">El cuerpo sin vida de Ociel Baena fue hallado dentro de su domicilio en Aguascalientes, junto al cad\u00e1ver de Dorian Daniel Nieves Herrera, su pareja sentimental, por lo que la polic\u00eda de la entidad investiga el motivo de la tragedia.<\/p>\n<p style=\"text-align: justify;\">La informaci\u00f3n preliminar apunta a que el cad\u00e1ver de Ociel ten\u00eda al menos 20 cortadas, una de ellas en la yugular que le quit\u00f3 la vida, seg\u00fan el fiscal de Aguacalientes Jes\u00fas Figueroa.<\/p>\n<p style=\"text-align: justify;\">\nLa l\u00ednea de investigaci\u00f3n de la autoridad estatal sugiere que Dorian Herrera fue quien priv\u00f3 de la vida a Ociel Baena con una navaja de afeitar, debido a las cortadas que ten\u00eda el presunto homicida en los dedos. Quien despu\u00e9s se quitar\u00eda la vida con un corte en la yugular.<\/p>\n<p style=\"text-align: justify;\">Durante la carrera pol\u00edtica del magistrade hubo varias amenazas de muerte por su expresi\u00f3n de g\u00e9nero no binaria. Por esa raz\u00f3n ten\u00eda protecci\u00f3n de la polic\u00eda.<\/p>\n<p style=\"text-align: justify;\">Seg\u00fan la fiscal\u00eda de Aguascalientes, la pareja lleg\u00f3 al domicilio desde el aeropuerto estatal en el veh\u00edculo particular alrededor de la 1 de la madrugada del domingo, y los cuerpos fueron hallados la ma\u00f1ana del lunes por una trabajadora del hogar.<\/p>\n<p style=\"text-align: justify;\">Lo anterior fue confirmado por el fiscal Jes\u00fas Figueroa, quien asegur\u00f3 que se revisaron las c\u00e1maras de seguridad de la zona residencial, as\u00ed como las que est\u00e1n ubicadas entre el aeropuerto y el domicilio.<\/p>\n<p style=\"text-align: justify;\">El fiscal de Aguascalientes, Jes\u00fas Figueroa, se\u00f1al\u00f3 que se hizo un an\u00e1lisis e inspecci\u00f3n minucioso en el lugar. Contin\u00faan con la necropsia de ambos cuerpos.<\/p>\n<p style=\"text-align: justify;\">Con informaci\u00f3n de: Milenio<\/p>\n","protected":false},"excerpt":{"rendered":"<p>El cuerpo sin vida de Ociel Baena fue hallado dentro de su domicilio en Aguascalientes, junto al cad\u00e1ver de Dorian Daniel Nieves Herrera, su pareja sentimental, por lo que la polic\u00eda de la entidad investiga el motivo de la tragedia. La informaci\u00f3n preliminar apunta a que el cad\u00e1ver de Ociel ten\u00eda al menos 20 cortadas, [&hellip;]<\/p>\n","protected":false},"author":2,"featured_media":50528,"comment_status":"open","ping_status":"open","sticky":false,"template":"","format":"standard","meta":{"om_disable_all_campaigns":false,"_monsterinsights_skip_tracking":false,"_monsterinsights_sitenote_active":false,"_monsterinsights_sitenote_note":"","_monsterinsights_sitenote_category":0,"_uf_show_specific_survey":0,"_uf_disable_surveys":false,"_jetpack_memberships_contains_paid_content":false,"footnotes":"","jetpack_publicize_message":"As\u00ed sucedi\u00f3 la muerte del magistrade Ociel Baena seg\u00fan datos de la Fiscal\u00eda","jetpack_publicize_feature_enabled":true,"jetpack_social_post_already_shared":true,"jetpack_social_options":{"image_generator_settings":{"template":"highway","default_image_id":0,"enabled":false},"version":2}},"categories":[23,16],"tags":[],"class_list":{"0":"post-50526","1":"post","2":"type-post","3":"status-publish","4":"format-standard","5":"has-post-thumbnail","7":"category-nacional","8":"category-viral"},"aioseo_notices":[],"jetpack_publicize_connections":[],"jetpack_featured_media_url":"https:\/\/mediagroup.mx\/wp-content\/uploads\/2023\/11\/Captura-de-pantalla-2023-11-14-a-las-12.22.05.png","jetpack_sharing_enabled":true,"_links":{"self":[{"href":"https:\/\/mediagroup.mx\/index.php\/wp-json\/wp\/v2\/posts\/50526","targetHints":{"allow":["GET"]}}],"collection":[{"href":"https:\/\/mediagroup.mx\/index.php\/wp-json\/wp\/v2\/posts"}],"about":[{"href":"https:\/\/mediagroup.mx\/index.php\/wp-json\/wp\/v2\/types\/post"}],"author":[{"embeddable":true,"href":"https:\/\/mediagroup.mx\/index.php\/wp-json\/wp\/v2\/users\/2"}],"replies":[{"embeddable":true,"href":"https:\/\/mediagroup.mx\/index.php\/wp-json\/wp\/v2\/comments?post=50526"}],"version-history":[{"count":1,"href":"https:\/\/mediagroup.mx\/index.php\/wp-json\/wp\/v2\/posts\/50526\/revisions"}],"predecessor-version":[{"id":50529,"href":"https:\/\/mediagroup.mx\/index.php\/wp-json\/wp\/v2\/posts\/50526\/revisions\/50529"}],"wp:featuredmedia":[{"embeddable":true,"href":"https:\/\/mediagroup.mx\/index.php\/wp-json\/wp\/v2\/media\/50528"}],"wp:attachment":[{"href":"https:\/\/mediagroup.mx\/index.php\/wp-json\/wp\/v2\/media?parent=50526"}],"wp:term":[{"taxonomy":"category","embeddable":true,"href":"https:\/\/mediagroup.mx\/index.php\/wp-json\/wp\/v2\/categories?post=50526"},{"taxonomy":"post_tag","embeddable":true,"href":"https:\/\/mediagroup.mx\/index.php\/wp-json\/wp\/v2\/tags?post=50526"}],"curies":[{"name":"wp","href":"https:\/\/api.w.org\/{rel}","templated":true}]}}