{"id":50545,"date":"2023-11-15T00:50:29","date_gmt":"2023-11-15T00:50:29","guid":{"rendered":"https:\/\/mediagroup.mx\/?p=50545"},"modified":"2023-11-15T00:50:29","modified_gmt":"2023-11-15T00:50:29","slug":"presidentes-y-presidentas-municipales-son-libres-de-participar-en-el-fortapaz-aclara-bedolla","status":"publish","type":"post","link":"https:\/\/mediagroup.mx\/index.php\/2023\/11\/15\/presidentes-y-presidentas-municipales-son-libres-de-participar-en-el-fortapaz-aclara-bedolla\/","title":{"rendered":"Presidentes y presidentas municipales son libres de participar en el Fortapaz, aclara Bedolla"},"content":{"rendered":"<p style=\"text-align: justify;\">El gobernador de Michoac\u00e1n, Alfredo Ram\u00edrez Bedolla, reiter\u00f3 que las y los alcaldes del estado, tienen total libertad para decidir si participan o no en el Fondo para el Fortalecimiento para la Paz (Fortapaz) ya que no existe preferencia pol\u00edtica ni ideol\u00f3gica para ser beneficiario de este.<\/p>\n<p style=\"text-align: justify;\">Cuestionado sobre la participaci\u00f3n de solo 46 de los 113 municipios de la entidad, el mandatario record\u00f3 que el Fortapaz es un fondo abierto en el que hay libre determinaci\u00f3n para las o los presidentes que decidan aportar para acceder a los recursos.<\/p>\n<p>De igual modo, durante el acto protocolario donde se entregaron los primeros bienes del Fortapaz 2023, Ram\u00edrez Bedolla asegur\u00f3 que por primera vez, el sector empresarial y las autoridades municipales conocen el destino que tiene el impuesto sobre la n\u00f3mina, y el cual fue creado para la seguridad de Michoac\u00e1n.<\/p>\n<p>En ese sentido, el titular del ejecutivo estatal llam\u00f3 a no dividir la opini\u00f3n pol\u00edtica utilizando temas como el Fortapaz, ya que las labores de seguridad, se requiere de unidad entre los tres niveles del gobierno.<\/p>\n<p>Cabe recordar que en 2022, el Fortapaz alcanz\u00f3 una bolsa global de 727.5 millones de pesos y participaron en total 97 municipios as\u00ed como 18 comunidades ind\u00edgenas con autogobierno seg\u00fan datos proporcionados por el Secretariado Ejecutivo del Sistema Estatal de Seguridad P\u00fablica (SESESP).<\/p>\n<p>Por: Oscar Mendoza<\/p>\n","protected":false},"excerpt":{"rendered":"<p>El gobernador de Michoac\u00e1n, Alfredo Ram\u00edrez Bedolla, reiter\u00f3 que las y los alcaldes del estado, tienen total libertad para decidir si participan o no en el Fondo para el Fortalecimiento para la Paz (Fortapaz) ya que no existe preferencia pol\u00edtica ni ideol\u00f3gica para ser beneficiario de este. Cuestionado sobre la participaci\u00f3n de solo 46 de [&hellip;]<\/p>\n","protected":false},"author":2,"featured_media":50546,"comment_status":"open","ping_status":"open","sticky":false,"template":"","format":"standard","meta":{"om_disable_all_campaigns":false,"_monsterinsights_skip_tracking":false,"_monsterinsights_sitenote_active":false,"_monsterinsights_sitenote_note":"","_monsterinsights_sitenote_category":0,"_uf_show_specific_survey":0,"_uf_disable_surveys":false,"_jetpack_memberships_contains_paid_content":false,"footnotes":"","jetpack_publicize_message":"Presidentes y presidentas municipales son libres de participar en el Fortapaz, aclara Bedolla","jetpack_publicize_feature_enabled":true,"jetpack_social_post_already_shared":true,"jetpack_social_options":{"image_generator_settings":{"template":"highway","default_image_id":0,"enabled":false},"version":2}},"categories":[15],"tags":[],"class_list":{"0":"post-50545","1":"post","2":"type-post","3":"status-publish","4":"format-standard","5":"has-post-thumbnail","7":"category-michoacan"},"aioseo_notices":[],"jetpack_publicize_connections":[],"jetpack_featured_media_url":"https:\/\/mediagroup.mx\/wp-content\/uploads\/2023\/11\/WhatsApp-Image-2023-11-14-at-2.47.16-PM.jpeg","jetpack_sharing_enabled":true,"_links":{"self":[{"href":"https:\/\/mediagroup.mx\/index.php\/wp-json\/wp\/v2\/posts\/50545","targetHints":{"allow":["GET"]}}],"collection":[{"href":"https:\/\/mediagroup.mx\/index.php\/wp-json\/wp\/v2\/posts"}],"about":[{"href":"https:\/\/mediagroup.mx\/index.php\/wp-json\/wp\/v2\/types\/post"}],"author":[{"embeddable":true,"href":"https:\/\/mediagroup.mx\/index.php\/wp-json\/wp\/v2\/users\/2"}],"replies":[{"embeddable":true,"href":"https:\/\/mediagroup.mx\/index.php\/wp-json\/wp\/v2\/comments?post=50545"}],"version-history":[{"count":1,"href":"https:\/\/mediagroup.mx\/index.php\/wp-json\/wp\/v2\/posts\/50545\/revisions"}],"predecessor-version":[{"id":50547,"href":"https:\/\/mediagroup.mx\/index.php\/wp-json\/wp\/v2\/posts\/50545\/revisions\/50547"}],"wp:featuredmedia":[{"embeddable":true,"href":"https:\/\/mediagroup.mx\/index.php\/wp-json\/wp\/v2\/media\/50546"}],"wp:attachment":[{"href":"https:\/\/mediagroup.mx\/index.php\/wp-json\/wp\/v2\/media?parent=50545"}],"wp:term":[{"taxonomy":"category","embeddable":true,"href":"https:\/\/mediagroup.mx\/index.php\/wp-json\/wp\/v2\/categories?post=50545"},{"taxonomy":"post_tag","embeddable":true,"href":"https:\/\/mediagroup.mx\/index.php\/wp-json\/wp\/v2\/tags?post=50545"}],"curies":[{"name":"wp","href":"https:\/\/api.w.org\/{rel}","templated":true}]}}