{"id":50551,"date":"2023-11-15T00:54:36","date_gmt":"2023-11-15T00:54:36","guid":{"rendered":"https:\/\/mediagroup.mx\/?p=50551"},"modified":"2023-11-15T00:54:36","modified_gmt":"2023-11-15T00:54:36","slug":"prd-lamenta-muerte-de-le-magistrade-llama-a-tipificar-crimenes-de-odio","status":"publish","type":"post","link":"https:\/\/mediagroup.mx\/index.php\/2023\/11\/15\/prd-lamenta-muerte-de-le-magistrade-llama-a-tipificar-crimenes-de-odio\/","title":{"rendered":"PRD lamenta muerte de le magistrade; llama a tipificar cr\u00edmenes de odio"},"content":{"rendered":"<p style=\"text-align: justify;\">El Partido de la Revoluci\u00f3n Democr\u00e1tica (PRD), lament\u00f3 la muerte de Jes\u00fas Ociel Bahena, primera persona no binaria en encabezar una magistratura en M\u00e9xico, y pidi\u00f3 a las autoridades, esclarecer este suceso y tipificar dentro del c\u00f3digo penal los cr\u00edmenes de odio.<\/p>\n<p style=\"text-align: justify;\">As\u00ed lo manifest\u00f3 el comisionado estatal de Diversidad del Sol Azteca, Cristian Guti\u00e9rrez Ramos, al ofrecer un mensaje por la muerte de quien fuera llamado le magistrade y quien fue encontrado sin vida en su domicilio en Aguascalientes junto a su pareja.<\/p>\n<p>Por ello, el perredista llam\u00f3 a las autoridades de la Fiscal\u00eda de ese estado y de la Rep\u00fablica a esclarecer los hechos, y a los poderes legislativos, a modificar los c\u00f3digos penales para agravar las penas en homicidios contra personas adscritas a grupos de la diversidad sexual.<\/p>\n<p>Cabe se\u00f1alar que seg\u00fan la organizaci\u00f3n civil \u201cLetra S\u201d, inform\u00f3 que en 2022, M\u00e9xico registr\u00f3 por lo menos 87 muertes violentas de personas LGBTI+ por motivos presuntamente relacionados con su orientaci\u00f3n sexual, identidad o expresi\u00f3n de g\u00e9nero, y lo que represent\u00f3 un aumento en relaci\u00f3n con a\u00f1os anteriores; sin embargo, la asociaci\u00f3n advierte que la cifra real es mayor dado los subregistros de personas de la diversidad sexual asesinadas durante 2022.<\/p>\n<p>Por: Oscar Mendoza<\/p>\n","protected":false},"excerpt":{"rendered":"<p>El Partido de la Revoluci\u00f3n Democr\u00e1tica (PRD), lament\u00f3 la muerte de Jes\u00fas Ociel Bahena, primera persona no binaria en encabezar una magistratura en M\u00e9xico, y pidi\u00f3 a las autoridades, esclarecer este suceso y tipificar dentro del c\u00f3digo penal los cr\u00edmenes de odio. As\u00ed lo manifest\u00f3 el comisionado estatal de Diversidad del Sol Azteca, Cristian Guti\u00e9rrez [&hellip;]<\/p>\n","protected":false},"author":2,"featured_media":50514,"comment_status":"open","ping_status":"open","sticky":false,"template":"","format":"standard","meta":{"om_disable_all_campaigns":false,"_monsterinsights_skip_tracking":false,"_monsterinsights_sitenote_active":false,"_monsterinsights_sitenote_note":"","_monsterinsights_sitenote_category":0,"_uf_show_specific_survey":0,"_uf_disable_surveys":false,"_jetpack_memberships_contains_paid_content":false,"footnotes":"","jetpack_publicize_message":"PRD lamenta muerte de le magistrade; llama a tipificar cr\u00edmenes de odio","jetpack_publicize_feature_enabled":true,"jetpack_social_post_already_shared":true,"jetpack_social_options":{"image_generator_settings":{"template":"highway","default_image_id":0,"enabled":false},"version":2}},"categories":[15],"tags":[],"class_list":{"0":"post-50551","1":"post","2":"type-post","3":"status-publish","4":"format-standard","5":"has-post-thumbnail","7":"category-michoacan"},"aioseo_notices":[],"jetpack_publicize_connections":[],"jetpack_featured_media_url":"https:\/\/mediagroup.mx\/wp-content\/uploads\/2023\/11\/WhatsApp-Image-2023-11-13-at-3.50.03-PM.jpeg","jetpack_sharing_enabled":true,"_links":{"self":[{"href":"https:\/\/mediagroup.mx\/index.php\/wp-json\/wp\/v2\/posts\/50551","targetHints":{"allow":["GET"]}}],"collection":[{"href":"https:\/\/mediagroup.mx\/index.php\/wp-json\/wp\/v2\/posts"}],"about":[{"href":"https:\/\/mediagroup.mx\/index.php\/wp-json\/wp\/v2\/types\/post"}],"author":[{"embeddable":true,"href":"https:\/\/mediagroup.mx\/index.php\/wp-json\/wp\/v2\/users\/2"}],"replies":[{"embeddable":true,"href":"https:\/\/mediagroup.mx\/index.php\/wp-json\/wp\/v2\/comments?post=50551"}],"version-history":[{"count":1,"href":"https:\/\/mediagroup.mx\/index.php\/wp-json\/wp\/v2\/posts\/50551\/revisions"}],"predecessor-version":[{"id":50552,"href":"https:\/\/mediagroup.mx\/index.php\/wp-json\/wp\/v2\/posts\/50551\/revisions\/50552"}],"wp:featuredmedia":[{"embeddable":true,"href":"https:\/\/mediagroup.mx\/index.php\/wp-json\/wp\/v2\/media\/50514"}],"wp:attachment":[{"href":"https:\/\/mediagroup.mx\/index.php\/wp-json\/wp\/v2\/media?parent=50551"}],"wp:term":[{"taxonomy":"category","embeddable":true,"href":"https:\/\/mediagroup.mx\/index.php\/wp-json\/wp\/v2\/categories?post=50551"},{"taxonomy":"post_tag","embeddable":true,"href":"https:\/\/mediagroup.mx\/index.php\/wp-json\/wp\/v2\/tags?post=50551"}],"curies":[{"name":"wp","href":"https:\/\/api.w.org\/{rel}","templated":true}]}}