{"id":50557,"date":"2023-11-15T19:29:11","date_gmt":"2023-11-15T19:29:11","guid":{"rendered":"https:\/\/mediagroup.mx\/?p=50557"},"modified":"2023-11-15T19:29:11","modified_gmt":"2023-11-15T19:29:11","slug":"inicia-entrega-de-cobijas-en-comunidades-mas-vulnerables-de-morelia","status":"publish","type":"post","link":"https:\/\/mediagroup.mx\/index.php\/2023\/11\/15\/inicia-entrega-de-cobijas-en-comunidades-mas-vulnerables-de-morelia\/","title":{"rendered":"Inicia entrega de cobijas en comunidades m\u00e1s vulnerables de Morelia"},"content":{"rendered":"<p>La presidenta honoraria del Sistema DIF Morelia, Paola Delgadillo Hern\u00e1ndez, inform\u00f3 que este mi\u00e9rcoles inici\u00f3 la entrega de las m\u00e1s de 14 mil cobijas que se han acopiado durante la campa\u00f1a Cobijemos Morelia 2023 en algunas de las colonias m\u00e1s vulnerables de la ciudad, San Miguel del Monte, R\u00edo Bello, Agua Escondida y Torrecillas.<\/p>\n<p>Asimismo, continuar\u00e1n en los pr\u00f3ximos d\u00edas en distintas comunidades, comenzando por las partes m\u00e1s fr\u00edas del municipio, por lo que el DIF contin\u00faa recibiendo las donaciones en sus instalaciones hasta el 10 de diciembre.<\/p>\n<p>Esto adem\u00e1s de que se realizar\u00e1 la 6\u00aa Carrera Atl\u00e9tica Infantil el d\u00eda 10, las 8:00 de la ma\u00f1ana, frente a Catedral, para lo que es necesario entregar dos cobijas por ni\u00f1o para su inscripci\u00f3n, donde se esperan m\u00e1s de mil 300 en las distintas categor\u00edas, desde los 5 y hasta 12 a\u00f1os.<\/p>\n<p>Por: Jes\u00fas Gonz\u00e1lez<\/p>\n","protected":false},"excerpt":{"rendered":"<p>La presidenta honoraria del Sistema DIF Morelia, Paola Delgadillo Hern\u00e1ndez, inform\u00f3 que este mi\u00e9rcoles inici\u00f3 la entrega de las m\u00e1s de 14 mil cobijas que se han acopiado durante la campa\u00f1a Cobijemos Morelia 2023 en algunas de las colonias m\u00e1s vulnerables de la ciudad, San Miguel del Monte, R\u00edo Bello, Agua Escondida y Torrecillas. Asimismo, [&hellip;]<\/p>\n","protected":false},"author":2,"featured_media":50558,"comment_status":"open","ping_status":"open","sticky":false,"template":"","format":"standard","meta":{"om_disable_all_campaigns":false,"_monsterinsights_skip_tracking":false,"_monsterinsights_sitenote_active":false,"_monsterinsights_sitenote_note":"","_monsterinsights_sitenote_category":0,"_uf_show_specific_survey":0,"_uf_disable_surveys":false,"_jetpack_memberships_contains_paid_content":false,"footnotes":"","jetpack_publicize_message":"Inicia entrega de cobijas en comunidades m\u00e1s vulnerables de Morelia","jetpack_publicize_feature_enabled":true,"jetpack_social_post_already_shared":true,"jetpack_social_options":{"image_generator_settings":{"template":"highway","default_image_id":0,"enabled":false},"version":2}},"categories":[17],"tags":[],"class_list":{"0":"post-50557","1":"post","2":"type-post","3":"status-publish","4":"format-standard","5":"has-post-thumbnail","7":"category-morelia"},"aioseo_notices":[],"jetpack_publicize_connections":[],"jetpack_featured_media_url":"https:\/\/mediagroup.mx\/wp-content\/uploads\/2023\/11\/a2638a77-d795-41e5-8ed4-486bcee4fd98.jpeg","jetpack_sharing_enabled":true,"_links":{"self":[{"href":"https:\/\/mediagroup.mx\/index.php\/wp-json\/wp\/v2\/posts\/50557","targetHints":{"allow":["GET"]}}],"collection":[{"href":"https:\/\/mediagroup.mx\/index.php\/wp-json\/wp\/v2\/posts"}],"about":[{"href":"https:\/\/mediagroup.mx\/index.php\/wp-json\/wp\/v2\/types\/post"}],"author":[{"embeddable":true,"href":"https:\/\/mediagroup.mx\/index.php\/wp-json\/wp\/v2\/users\/2"}],"replies":[{"embeddable":true,"href":"https:\/\/mediagroup.mx\/index.php\/wp-json\/wp\/v2\/comments?post=50557"}],"version-history":[{"count":1,"href":"https:\/\/mediagroup.mx\/index.php\/wp-json\/wp\/v2\/posts\/50557\/revisions"}],"predecessor-version":[{"id":50559,"href":"https:\/\/mediagroup.mx\/index.php\/wp-json\/wp\/v2\/posts\/50557\/revisions\/50559"}],"wp:featuredmedia":[{"embeddable":true,"href":"https:\/\/mediagroup.mx\/index.php\/wp-json\/wp\/v2\/media\/50558"}],"wp:attachment":[{"href":"https:\/\/mediagroup.mx\/index.php\/wp-json\/wp\/v2\/media?parent=50557"}],"wp:term":[{"taxonomy":"category","embeddable":true,"href":"https:\/\/mediagroup.mx\/index.php\/wp-json\/wp\/v2\/categories?post=50557"},{"taxonomy":"post_tag","embeddable":true,"href":"https:\/\/mediagroup.mx\/index.php\/wp-json\/wp\/v2\/tags?post=50557"}],"curies":[{"name":"wp","href":"https:\/\/api.w.org\/{rel}","templated":true}]}}