{"id":50572,"date":"2023-11-16T01:34:28","date_gmt":"2023-11-16T01:34:28","guid":{"rendered":"https:\/\/mediagroup.mx\/?p=50572"},"modified":"2023-11-16T01:34:28","modified_gmt":"2023-11-16T01:34:28","slug":"politica-de-igualdad-de-genero-y-cultura-de-paz-no-se-debe-quedar-solo-en-el-papel-secretaria-auxiliar","status":"publish","type":"post","link":"https:\/\/mediagroup.mx\/index.php\/2023\/11\/16\/politica-de-igualdad-de-genero-y-cultura-de-paz-no-se-debe-quedar-solo-en-el-papel-secretaria-auxiliar\/","title":{"rendered":"Pol\u00edtica de igualdad de g\u00e9nero y cultura de paz no se debe quedar s\u00f3lo en el papel: Secretaria Auxiliar"},"content":{"rendered":"<p style=\"text-align: justify;\">\u201cLa rectora Yarab\u00ed \u00c1vila Gonz\u00e1lez ha sido muy clara cuando advierte que no habr\u00e1 espacio para la impunidad, ni los abusos. La equidad, la igualdad y la cultura de paz, ser\u00e1n parte de una pol\u00edtica transversal en esta administraci\u00f3n, que todas y todos debemos adoptar y adaptar\u201d, enfatiz\u00f3 la secretaria Auxiliar de la Universidad Michoacana de San Nicol\u00e1s de Hidalgo (UMSNH), Monika Guti\u00e9rrez Legorreta, al asistir a la inauguraci\u00f3n de las oficinas de la Coordinaci\u00f3n General de Igualdad de G\u00e9nero, Inclusi\u00f3n y Cultura de la Paz.<\/p>\n<p style=\"text-align: justify;\">Con la presencia de enlaces de G\u00e9nero de diversas dependencias nicolaitas, la funcionaria en representaci\u00f3n de la rectora, detall\u00f3 que hay grandes retos que se tienen que ir atacando de manera frontal y que no son privativos de la UMSNH, sino que son globales, \u201cpero esperamos que sea con la voluntad de toda la comunidad como vayamos avanzando, para que sea un referente\u201d.<\/p>\n<p style=\"text-align: justify;\">La secretaria Auxiliar indic\u00f3 que a unos meses de que fue creada la Coordinaci\u00f3n, hoy se materializa con un espacio f\u00edsico, lo que dijo, habla del inter\u00e9s de la rectora Yarab\u00ed \u00c1vila, de que la pol\u00edtica enfocada a la igualdad de g\u00e9nero y cultura de paz no se quede s\u00f3lo en papel, ni en el discurso. \u201cTiene que materializarse, sin regateo, sin simulaciones y con firmeza. No es una bandera pol\u00edtica, es una pol\u00edtica p\u00fablica\u201d.<\/p>\n<p style=\"text-align: justify;\">Agreg\u00f3 que en la Casa de Hidalgo hay una comunidad tan amplia y plural, \u201cque nos advierte el tama\u00f1o del trabajo que tenemos que hacer para sensibilizarnos a todas y a todos\u201d.<\/p>\n<p style=\"text-align: justify;\">Guti\u00e9rrez Legorreta indic\u00f3 que esta Coordinaci\u00f3n, creada durante la presente gesti\u00f3n, no puede estar de adorno, tiene que acompa\u00f1ar y actuar en el marco de sus atribuciones y facultades y tiene que ser impulsora de una pol\u00edtica p\u00fablica que impacte, que transforme.<\/p>\n<p style=\"text-align: justify;\">En este sentido, afirm\u00f3 que la f\u00f3rmula tiene que ser innovadora, que convoque a la sociedad, a la comunidad. La meta, indic\u00f3 es que la Universidad Michoacana poco a poco se convierta en un espacio seguro, libre de violencia y que la discriminaci\u00f3n no sea el \u201cpan de cada d\u00eda\u201d.<\/p>\n<p style=\"text-align: justify;\">A unos d\u00edas de que se conmemore el D\u00eda Internacional de la Eliminaci\u00f3n de la Violencia contra la Mujer, a nombre de la rectora Yarab\u00ed \u00c1vila, convoc\u00f3 a que se trabaje con mayor contundencia, a evitar el burocratismo, a ser sensibles, a escuchar, y a tener puertas abiertas.<\/p>\n<p style=\"text-align: justify;\">\u201cLa Universidad Michoacana tiene la oportunidad en sus manos de ser un referente en pol\u00edticas p\u00fablicas de igualdad de g\u00e9nero y cultura de paz. Todas y todos somos responsables de que as\u00ed sea\u201d, sostuvo.<\/p>\n<p style=\"text-align: justify;\">La coordinadora general de Igualdad de G\u00e9nero, Inclusi\u00f3n y Cultura de la Paz, Mar\u00eda Eugenia Romero Olvera, se\u00f1al\u00f3 que este momento es hist\u00f3rico para la UMSNH, porque hace m\u00e1s de una d\u00e9cada la Secretar\u00eda de Educaci\u00f3n P\u00fablica (SEP) mandat\u00f3 a todas las instituciones de educaci\u00f3n superior p\u00fablicas y privadas que crear\u00e1n una Unidad de G\u00e9nero.<\/p>\n<p style=\"text-align: justify;\">\u201cTenemos m\u00e1s de una d\u00e9cada luchando las mujeres nicolaitas, profesoras, administrativas, estudiantes, para que realmente se construya y se haya creado esta Unidad de G\u00e9nero, aqu\u00ed veo muchas caras conocidas, esas caras que hemos luchado para que podamos lograr esos espacios\u201d.<\/p>\n<p style=\"text-align: justify;\">Romero Olvera indic\u00f3 que la Coordinaci\u00f3n ser\u00e1 un espacio incluyente, abierto para todas y todos, agreg\u00f3 que se est\u00e1n sentando las bases para que arranque un plan de trabajo en el 2024, tras referir que vienen muchas cosas buenas en esta materia.<\/p>\n<p style=\"text-align: justify;\">Por su parte, Natalia Villaz\u00e1n Morales, titular de la Unidad de Atenci\u00f3n Integral de la Violencia de G\u00e9nero, apunt\u00f3 que la funci\u00f3n de dicha instancia es sustancial, ya que dar\u00e1 seguimiento ante los casos de violencia de g\u00e9nero que se presentan dentro de la Universidad.<\/p>\n<p style=\"text-align: justify;\">La finalidad de esta Unidad dijo, es precisamente impartir justicia, que los casos no queden en el tintero, \u201cun mensaje muy claro, nadie por encima de la ley, nadie por encima de la norma universitaria, pero sobre todo respetando los derechos de todas y de todos los que integramos la comunidad universitaria\u201d.<\/p>\n<p style=\"text-align: justify;\">Cabe se\u00f1alar que, la oficina de la Coordinaci\u00f3n se encuentra ubicada en el edificio B, planta baja, en Ciudad Universitaria. Durante el corte de list\u00f3n inaugural, estuvieron presentes funcionarias de diversas dependencias nicolaitas, enlaces de G\u00e9nero, as\u00ed como estudiantes de la UMSNH.<\/p>\n","protected":false},"excerpt":{"rendered":"<p>\u201cLa rectora Yarab\u00ed \u00c1vila Gonz\u00e1lez ha sido muy clara cuando advierte que no habr\u00e1 espacio para la impunidad, ni los abusos. La equidad, la igualdad y la cultura de paz, ser\u00e1n parte de una pol\u00edtica transversal en esta administraci\u00f3n, que todas y todos debemos adoptar y adaptar\u201d, enfatiz\u00f3 la secretaria Auxiliar de la Universidad Michoacana [&hellip;]<\/p>\n","protected":false},"author":2,"featured_media":50571,"comment_status":"open","ping_status":"open","sticky":false,"template":"","format":"standard","meta":{"om_disable_all_campaigns":false,"_monsterinsights_skip_tracking":false,"_monsterinsights_sitenote_active":false,"_monsterinsights_sitenote_note":"","_monsterinsights_sitenote_category":0,"_uf_show_specific_survey":0,"_uf_disable_surveys":false,"_jetpack_memberships_contains_paid_content":false,"footnotes":"","jetpack_publicize_message":"Pol\u00edtica de igualdad de g\u00e9nero y cultura de paz no se debe quedar s\u00f3lo en el papel: Secretaria Auxiliar","jetpack_publicize_feature_enabled":true,"jetpack_social_post_already_shared":true,"jetpack_social_options":{"image_generator_settings":{"template":"highway","default_image_id":0,"enabled":false},"version":2}},"categories":[22],"tags":[],"class_list":{"0":"post-50572","1":"post","2":"type-post","3":"status-publish","4":"format-standard","5":"has-post-thumbnail","7":"category-educacion"},"aioseo_notices":[],"jetpack_publicize_connections":[],"jetpack_featured_media_url":"https:\/\/mediagroup.mx\/wp-content\/uploads\/2023\/11\/WhatsApp-Image-2023-11-15-at-2.14.19-PM.jpeg","jetpack_sharing_enabled":true,"_links":{"self":[{"href":"https:\/\/mediagroup.mx\/index.php\/wp-json\/wp\/v2\/posts\/50572","targetHints":{"allow":["GET"]}}],"collection":[{"href":"https:\/\/mediagroup.mx\/index.php\/wp-json\/wp\/v2\/posts"}],"about":[{"href":"https:\/\/mediagroup.mx\/index.php\/wp-json\/wp\/v2\/types\/post"}],"author":[{"embeddable":true,"href":"https:\/\/mediagroup.mx\/index.php\/wp-json\/wp\/v2\/users\/2"}],"replies":[{"embeddable":true,"href":"https:\/\/mediagroup.mx\/index.php\/wp-json\/wp\/v2\/comments?post=50572"}],"version-history":[{"count":1,"href":"https:\/\/mediagroup.mx\/index.php\/wp-json\/wp\/v2\/posts\/50572\/revisions"}],"predecessor-version":[{"id":50573,"href":"https:\/\/mediagroup.mx\/index.php\/wp-json\/wp\/v2\/posts\/50572\/revisions\/50573"}],"wp:featuredmedia":[{"embeddable":true,"href":"https:\/\/mediagroup.mx\/index.php\/wp-json\/wp\/v2\/media\/50571"}],"wp:attachment":[{"href":"https:\/\/mediagroup.mx\/index.php\/wp-json\/wp\/v2\/media?parent=50572"}],"wp:term":[{"taxonomy":"category","embeddable":true,"href":"https:\/\/mediagroup.mx\/index.php\/wp-json\/wp\/v2\/categories?post=50572"},{"taxonomy":"post_tag","embeddable":true,"href":"https:\/\/mediagroup.mx\/index.php\/wp-json\/wp\/v2\/tags?post=50572"}],"curies":[{"name":"wp","href":"https:\/\/api.w.org\/{rel}","templated":true}]}}