{"id":50574,"date":"2023-11-16T01:35:28","date_gmt":"2023-11-16T01:35:28","guid":{"rendered":"https:\/\/mediagroup.mx\/?p=50574"},"modified":"2023-11-16T01:35:28","modified_gmt":"2023-11-16T01:35:28","slug":"reyes-cosari-propone-otorgar-certeza-juridica-a-trabajadores-victimas-de-desaparicion-forzada","status":"publish","type":"post","link":"https:\/\/mediagroup.mx\/index.php\/2023\/11\/16\/reyes-cosari-propone-otorgar-certeza-juridica-a-trabajadores-victimas-de-desaparicion-forzada\/","title":{"rendered":"Reyes Cosari propone otorgar certeza jur\u00eddica a trabajadores v\u00edctimas de desaparici\u00f3n forzada"},"content":{"rendered":"<p style=\"text-align: justify;\">Con el objeto de que en el Estado de Michoac\u00e1n se incorpore en su legislaci\u00f3n la protecci\u00f3n de los derechos laborales a las y los trabajadores, contemplado en ella la figura de la Declaraci\u00f3n Especial de Ausencia, que permita dar certeza jur\u00eddica ante la relaci\u00f3n laboral, el diputado de Morena, Roberto Reyes Cosari, propuso una iniciativa de decreto para reformar la Ley de los trabajadores al Servicio del Estado de Michoac\u00e1n de Ocampo y sus Municipios.<\/p>\n<p style=\"text-align: justify;\">La iniciativa establece \u201creinstalar a las y los trabajadores declarados desaparecidos que cuenten con Declaraci\u00f3n Especial de Ausencia, en los t\u00e9rminos de lo establecido en la legislaci\u00f3n especial en la materia. Si es localizada con vida, recuperar\u00e1 su posici\u00f3n, escalaf\u00f3n y derechos de antig\u00fcedad de conformidad con la legislaci\u00f3n aplicable\u201d.<\/p>\n<p style=\"text-align: justify;\">Ante el Pleno de la 75 Legislatura, el legislador resalt\u00f3 que, con el fin de sumarse a los esfuerzos que est\u00e1 haciendo el Congreso de la Uni\u00f3n, present\u00f3 dicha iniciativa de reforma y adiciones a la Ley de los Trabajadores al Servicio del Estado y sus Municipios, y as\u00ed \u201cestablecer los par\u00e1metros y ser garante en materia laboral en la figura jur\u00eddica de la desaparici\u00f3n forzada de personas, con el objeto de armonizar la legislaci\u00f3n federal con nuestra legislaci\u00f3n estatal\u201d.<\/p>\n<p style=\"text-align: justify;\">Reyes Cosari argumenta que el Estado Mexicano cuenta con una normatividad que garantiza la personalidad jur\u00eddica y los derechos de las personas que se encuentren bajo el supuesto de estar desaparecidas, as\u00ed como bridar la protecci\u00f3n necesaria para sus familiares. En efecto, la Ley Federal de la Declaraci\u00f3n Especial de las Personas Desaparecidas, regula el procedimiento para los familiares ante las dependencias e instancias correspondientes, remarc\u00f3.<\/p>\n<p style=\"text-align: justify;\">El diputado morenista refiri\u00f3 que la desaparici\u00f3n forzada constituye una violaci\u00f3n m\u00faltiple, grave y permanente de derechos esenciales de la persona humana de car\u00e1cter inderogable, como los derechos a la libertad, la integridad personal, la vida y la personalidad jur\u00eddica, \u201cconsagrados en nuestra Ley Fundamental y en diversas normas de derechos humanos previstas en tratados internacionales\u201d.<\/p>\n","protected":false},"excerpt":{"rendered":"<p>Con el objeto de que en el Estado de Michoac\u00e1n se incorpore en su legislaci\u00f3n la protecci\u00f3n de los derechos laborales a las y los trabajadores, contemplado en ella la figura de la Declaraci\u00f3n Especial de Ausencia, que permita dar certeza jur\u00eddica ante la relaci\u00f3n laboral, el diputado de Morena, Roberto Reyes Cosari, propuso una [&hellip;]<\/p>\n","protected":false},"author":2,"featured_media":50575,"comment_status":"open","ping_status":"open","sticky":false,"template":"","format":"standard","meta":{"om_disable_all_campaigns":false,"_monsterinsights_skip_tracking":false,"_monsterinsights_sitenote_active":false,"_monsterinsights_sitenote_note":"","_monsterinsights_sitenote_category":0,"_uf_show_specific_survey":0,"_uf_disable_surveys":false,"_jetpack_memberships_contains_paid_content":false,"footnotes":"","jetpack_publicize_message":"Reyes Cosari propone otorgar certeza jur\u00eddica a trabajadores v\u00edctimas de desaparici\u00f3n forzada","jetpack_publicize_feature_enabled":true,"jetpack_social_post_already_shared":true,"jetpack_social_options":{"image_generator_settings":{"template":"highway","default_image_id":0,"enabled":false},"version":2}},"categories":[15],"tags":[],"class_list":{"0":"post-50574","1":"post","2":"type-post","3":"status-publish","4":"format-standard","5":"has-post-thumbnail","7":"category-michoacan"},"aioseo_notices":[],"jetpack_publicize_connections":[],"jetpack_featured_media_url":"https:\/\/mediagroup.mx\/wp-content\/uploads\/2023\/11\/WhatsApp-Image-2023-11-15-at-4.45.27-PM.jpeg","jetpack_sharing_enabled":true,"_links":{"self":[{"href":"https:\/\/mediagroup.mx\/index.php\/wp-json\/wp\/v2\/posts\/50574","targetHints":{"allow":["GET"]}}],"collection":[{"href":"https:\/\/mediagroup.mx\/index.php\/wp-json\/wp\/v2\/posts"}],"about":[{"href":"https:\/\/mediagroup.mx\/index.php\/wp-json\/wp\/v2\/types\/post"}],"author":[{"embeddable":true,"href":"https:\/\/mediagroup.mx\/index.php\/wp-json\/wp\/v2\/users\/2"}],"replies":[{"embeddable":true,"href":"https:\/\/mediagroup.mx\/index.php\/wp-json\/wp\/v2\/comments?post=50574"}],"version-history":[{"count":1,"href":"https:\/\/mediagroup.mx\/index.php\/wp-json\/wp\/v2\/posts\/50574\/revisions"}],"predecessor-version":[{"id":50576,"href":"https:\/\/mediagroup.mx\/index.php\/wp-json\/wp\/v2\/posts\/50574\/revisions\/50576"}],"wp:featuredmedia":[{"embeddable":true,"href":"https:\/\/mediagroup.mx\/index.php\/wp-json\/wp\/v2\/media\/50575"}],"wp:attachment":[{"href":"https:\/\/mediagroup.mx\/index.php\/wp-json\/wp\/v2\/media?parent=50574"}],"wp:term":[{"taxonomy":"category","embeddable":true,"href":"https:\/\/mediagroup.mx\/index.php\/wp-json\/wp\/v2\/categories?post=50574"},{"taxonomy":"post_tag","embeddable":true,"href":"https:\/\/mediagroup.mx\/index.php\/wp-json\/wp\/v2\/tags?post=50574"}],"curies":[{"name":"wp","href":"https:\/\/api.w.org\/{rel}","templated":true}]}}