{"id":50589,"date":"2023-11-16T01:42:23","date_gmt":"2023-11-16T01:42:23","guid":{"rendered":"https:\/\/mediagroup.mx\/?p=50589"},"modified":"2023-11-16T01:42:23","modified_gmt":"2023-11-16T01:42:23","slug":"esperemos-hechos-concretos-dice-marco-polo-aguirre-sobre-presupuesto-del-iem-en-2024","status":"publish","type":"post","link":"https:\/\/mediagroup.mx\/index.php\/2023\/11\/16\/esperemos-hechos-concretos-dice-marco-polo-aguirre-sobre-presupuesto-del-iem-en-2024\/","title":{"rendered":"\u201cEsperemos hechos concretos\u201d, dice Marco Polo Aguirre sobre presupuesto del IEM en 2024"},"content":{"rendered":"<p style=\"text-align: justify;\">Entre las diversas declaraciones que existen respecto al presupuesto para el Instituto Electoral de Michoac\u00e1n (IEM) para el 2024, a\u00f1o en que se realizar\u00e1n elecciones, el diputado de representaci\u00f3n parlamentaria y presidente de la Comisi\u00f3n de Programaci\u00f3n, Presupuesto y Cuenta P\u00fablica, Marco Polo Aguirre Ch\u00e1vez, se\u00f1al\u00f3 que es necesario el conocer primero la propuesta del Gobierno del Estado con el objetivo de fortalecer el proceso electoral del 2024.<\/p>\n<p>Por: Miguel Santos<\/p>\n","protected":false},"excerpt":{"rendered":"<p>Entre las diversas declaraciones que existen respecto al presupuesto para el Instituto Electoral de Michoac\u00e1n (IEM) para el 2024, a\u00f1o en que se realizar\u00e1n elecciones, el diputado de representaci\u00f3n parlamentaria y presidente de la Comisi\u00f3n de Programaci\u00f3n, Presupuesto y Cuenta P\u00fablica, Marco Polo Aguirre Ch\u00e1vez, se\u00f1al\u00f3 que es necesario el conocer primero la propuesta del [&hellip;]<\/p>\n","protected":false},"author":2,"featured_media":50590,"comment_status":"open","ping_status":"open","sticky":false,"template":"","format":"standard","meta":{"om_disable_all_campaigns":false,"_monsterinsights_skip_tracking":false,"_monsterinsights_sitenote_active":false,"_monsterinsights_sitenote_note":"","_monsterinsights_sitenote_category":0,"_uf_show_specific_survey":0,"_uf_disable_surveys":false,"_jetpack_memberships_contains_paid_content":false,"footnotes":"","jetpack_publicize_message":"\u201cEsperemos hechos concretos\u201d, dice Marco Polo Aguirre sobre presupuesto del IEM en 2024","jetpack_publicize_feature_enabled":true,"jetpack_social_post_already_shared":true,"jetpack_social_options":{"image_generator_settings":{"template":"highway","default_image_id":0,"enabled":false},"version":2}},"categories":[15],"tags":[],"class_list":{"0":"post-50589","1":"post","2":"type-post","3":"status-publish","4":"format-standard","5":"has-post-thumbnail","7":"category-michoacan"},"aioseo_notices":[],"jetpack_publicize_connections":[],"jetpack_featured_media_url":"https:\/\/mediagroup.mx\/wp-content\/uploads\/2023\/11\/WhatsApp-Image-2023-11-15-at-1.32.43-PM.jpeg","jetpack_sharing_enabled":true,"_links":{"self":[{"href":"https:\/\/mediagroup.mx\/index.php\/wp-json\/wp\/v2\/posts\/50589","targetHints":{"allow":["GET"]}}],"collection":[{"href":"https:\/\/mediagroup.mx\/index.php\/wp-json\/wp\/v2\/posts"}],"about":[{"href":"https:\/\/mediagroup.mx\/index.php\/wp-json\/wp\/v2\/types\/post"}],"author":[{"embeddable":true,"href":"https:\/\/mediagroup.mx\/index.php\/wp-json\/wp\/v2\/users\/2"}],"replies":[{"embeddable":true,"href":"https:\/\/mediagroup.mx\/index.php\/wp-json\/wp\/v2\/comments?post=50589"}],"version-history":[{"count":1,"href":"https:\/\/mediagroup.mx\/index.php\/wp-json\/wp\/v2\/posts\/50589\/revisions"}],"predecessor-version":[{"id":50591,"href":"https:\/\/mediagroup.mx\/index.php\/wp-json\/wp\/v2\/posts\/50589\/revisions\/50591"}],"wp:featuredmedia":[{"embeddable":true,"href":"https:\/\/mediagroup.mx\/index.php\/wp-json\/wp\/v2\/media\/50590"}],"wp:attachment":[{"href":"https:\/\/mediagroup.mx\/index.php\/wp-json\/wp\/v2\/media?parent=50589"}],"wp:term":[{"taxonomy":"category","embeddable":true,"href":"https:\/\/mediagroup.mx\/index.php\/wp-json\/wp\/v2\/categories?post=50589"},{"taxonomy":"post_tag","embeddable":true,"href":"https:\/\/mediagroup.mx\/index.php\/wp-json\/wp\/v2\/tags?post=50589"}],"curies":[{"name":"wp","href":"https:\/\/api.w.org\/{rel}","templated":true}]}}