{"id":51345,"date":"2023-12-18T18:42:05","date_gmt":"2023-12-18T18:42:05","guid":{"rendered":"https:\/\/mediagroup.mx\/?p=51345"},"modified":"2023-12-18T18:42:05","modified_gmt":"2023-12-18T18:42:05","slug":"75-legislatura-protegera-al-campo-michoacano-en-el-presupuesto-2024","status":"publish","type":"post","link":"https:\/\/mediagroup.mx\/index.php\/2023\/12\/18\/75-legislatura-protegera-al-campo-michoacano-en-el-presupuesto-2024\/","title":{"rendered":"75 Legislatura proteger\u00e1 al campo michoacano en el presupuesto 2024"},"content":{"rendered":"<p style=\"text-align: justify;\">Enfrentar el cambio clim\u00e1tico, reducir costos y mejorar la calidad de la producci\u00f3n, son algunos de los temas que trataron las y los diputados integrantes de las Comisiones Unidas de Programaci\u00f3n, Presupuesto y Cuenta P\u00fablica y, de Hacienda y Deuda P\u00fablica, al reunirse con el titular de la Secretar\u00eda de Agricultura y Desarrollo Rural (SADER), Cuauht\u00e9moc Ram\u00edrez Romero.<\/p>\n<p style=\"text-align: justify;\">Los diputados Marco Polo Aguirre, presidente de la Comisi\u00f3n de Programaci\u00f3n, Presupuesto y Cuenta P\u00fablica, Hugo Anaya \u00c1vila, integrante de la misma; as\u00ed como Seyra Alem\u00e1n Sierra, Er\u00e9ndira Isauro y Felipe de Jes\u00fas Contreras, presidenta e integrantes, respectivamente, de la Comisi\u00f3n de Hacienda y Deuda P\u00fablica, manifestaron su inter\u00e9s por presupuestar los recursos necesarios para enfrentar los retos en el rubro.<\/p>\n<p style=\"text-align: justify;\">En este contexto, el titular de SADER present\u00f3 ante las y los diputados de la 75 Legislatura, la propuesta de Presupuesto para el Ejercicio 2024, la cual asciende a 652 millones 773 mil de pesos, que ser\u00e1n repartidos de la siguiente manera: gasto corriente, m\u00e1s de 344 millones y para inversi\u00f3n poco m\u00e1s de 272 millones.<\/p>\n<p style=\"text-align: justify;\">Por su parte, el diputado Marco Polo expres\u00f3 su inter\u00e9s por buscar un presupuesto que cubra las necesidades que el campo requiere e incluso, pugn\u00f3 por un posible incremento a la propuesta de presupuesta presentada, recurso que se podr\u00eda utilizar, a decir del secretario de Agricultura, para recubrir canales, riego y tratamiento de agua.<\/p>\n<p style=\"text-align: justify;\">El diputado Felipe de Jes\u00fas Contreras, destac\u00f3 que al tener productos del campo sanos se impacta en la disminuci\u00f3n de enfermedades que muchas veces son causadas por los qu\u00edmicos que se utilizan en la agricultura, en beneficio de la salud y la econom\u00eda de las y los michoacanos.<\/p>\n<p style=\"text-align: justify;\">Asimismo, la diputada Erendira Isauro, se\u00f1al\u00f3 que se analizar\u00e1 la propuesta buscando que se proteja la producci\u00f3n de ma\u00edz criollo, para que este no sea desfasado por el ma\u00edz transg\u00e9nico, adem\u00e1s de continuar impulsando el fertilizante org\u00e1nico, para lograr producciones de mayor calidad.<\/p>\n<p style=\"text-align: justify;\">En su momento, el legislador Hugo Anaya \u00c1vila, cuestion\u00f3 sobre la reducci\u00f3n de un doce por ciento que presenta este a\u00f1o el presupuesto destinado al rubro, a lo que el secretario respondi\u00f3 que dicho decremento corresponde, entre otras cuestiones, a la reducci\u00f3n de compra de fertilizantes qu\u00edmicos y mayor producci\u00f3n de fertilizante org\u00e1nico.<\/p>\n","protected":false},"excerpt":{"rendered":"<p>Enfrentar el cambio clim\u00e1tico, reducir costos y mejorar la calidad de la producci\u00f3n, son algunos de los temas que trataron las y los diputados integrantes de las Comisiones Unidas de Programaci\u00f3n, Presupuesto y Cuenta P\u00fablica y, de Hacienda y Deuda P\u00fablica, al reunirse con el titular de la Secretar\u00eda de Agricultura y Desarrollo Rural (SADER), [&hellip;]<\/p>\n","protected":false},"author":2,"featured_media":51346,"comment_status":"open","ping_status":"open","sticky":false,"template":"","format":"standard","meta":{"om_disable_all_campaigns":false,"_monsterinsights_skip_tracking":false,"_monsterinsights_sitenote_active":false,"_monsterinsights_sitenote_note":"","_monsterinsights_sitenote_category":0,"_uf_show_specific_survey":0,"_uf_disable_surveys":false,"_jetpack_memberships_contains_paid_content":false,"footnotes":"","jetpack_publicize_message":"75 Legislatura proteger\u00e1 al campo michoacano en el presupuesto 2024","jetpack_publicize_feature_enabled":true,"jetpack_social_post_already_shared":true,"jetpack_social_options":{"image_generator_settings":{"template":"highway","default_image_id":0,"enabled":false},"version":2}},"categories":[15],"tags":[],"class_list":{"0":"post-51345","1":"post","2":"type-post","3":"status-publish","4":"format-standard","5":"has-post-thumbnail","7":"category-michoacan"},"aioseo_notices":[],"jetpack_publicize_connections":[],"jetpack_featured_media_url":"https:\/\/mediagroup.mx\/wp-content\/uploads\/2023\/12\/WhatsApp-Image-2023-12-16-at-6.27.58-PM.jpeg","jetpack_sharing_enabled":true,"_links":{"self":[{"href":"https:\/\/mediagroup.mx\/index.php\/wp-json\/wp\/v2\/posts\/51345","targetHints":{"allow":["GET"]}}],"collection":[{"href":"https:\/\/mediagroup.mx\/index.php\/wp-json\/wp\/v2\/posts"}],"about":[{"href":"https:\/\/mediagroup.mx\/index.php\/wp-json\/wp\/v2\/types\/post"}],"author":[{"embeddable":true,"href":"https:\/\/mediagroup.mx\/index.php\/wp-json\/wp\/v2\/users\/2"}],"replies":[{"embeddable":true,"href":"https:\/\/mediagroup.mx\/index.php\/wp-json\/wp\/v2\/comments?post=51345"}],"version-history":[{"count":1,"href":"https:\/\/mediagroup.mx\/index.php\/wp-json\/wp\/v2\/posts\/51345\/revisions"}],"predecessor-version":[{"id":51347,"href":"https:\/\/mediagroup.mx\/index.php\/wp-json\/wp\/v2\/posts\/51345\/revisions\/51347"}],"wp:featuredmedia":[{"embeddable":true,"href":"https:\/\/mediagroup.mx\/index.php\/wp-json\/wp\/v2\/media\/51346"}],"wp:attachment":[{"href":"https:\/\/mediagroup.mx\/index.php\/wp-json\/wp\/v2\/media?parent=51345"}],"wp:term":[{"taxonomy":"category","embeddable":true,"href":"https:\/\/mediagroup.mx\/index.php\/wp-json\/wp\/v2\/categories?post=51345"},{"taxonomy":"post_tag","embeddable":true,"href":"https:\/\/mediagroup.mx\/index.php\/wp-json\/wp\/v2\/tags?post=51345"}],"curies":[{"name":"wp","href":"https:\/\/api.w.org\/{rel}","templated":true}]}}