{"id":51907,"date":"2024-01-17T15:18:56","date_gmt":"2024-01-17T21:18:56","guid":{"rendered":"https:\/\/mediagroup.mx\/?p=51907"},"modified":"2024-01-17T15:18:56","modified_gmt":"2024-01-17T21:18:56","slug":"abriran-registro-de-candidatos-a-la-presea-primer-supremo-tribunal-de-justicia-para-la-america-mexicana-ario-1815","status":"publish","type":"post","link":"https:\/\/mediagroup.mx\/index.php\/2024\/01\/17\/abriran-registro-de-candidatos-a-la-presea-primer-supremo-tribunal-de-justicia-para-la-america-mexicana-ario-1815\/","title":{"rendered":"Abrir\u00e1n registro de candidatos a la Presea \u201cPrimer Supremo Tribunal de Justicia para la Am\u00e9rica Mexicana, Ario 1815\u201d"},"content":{"rendered":"<p>Ser\u00e1 el lunes 22 de enero cuando inicie el registro de candidatos a la Presea \u201cPrimer Supremo Tribunal de Justicia para la Am\u00e9rica Mexicana, Ario 1815\u201d, galard\u00f3n que se otorga a ciudadanos, instituciones u organizaciones destacadas en el \u00e1mbito de la justicia y en beneficio de la entidad o la naci\u00f3n.<\/p>\n<p>La Presea ser\u00e1 entregada en Sesi\u00f3n Solemne de la 75 Legislatura, el siete de marzo del presente a\u00f1o, en la ciudad de Ario, Michoac\u00e1n, por lo que el Congreso del Estado convoc\u00f3 a presentar las propuestas de quien o quienes se hayan distinguido por sus m\u00e9ritos paradigm\u00e1ticos en pro de defender, cultivar, forjar, establecer, impartir, difundir, fomentar, o bien, que, por su trayectoria profesional o social, se hayan destacado en materia de justicia.<\/p>\n<p>Las propuestas deber\u00e1n presentarse por escrito en las oficinas de la Secretar\u00eda de Servicios Parlamentarios del Congreso del Estado, ubicadas en la Avenida Madero Oriente n\u00famero 97, Centro Hist\u00f3rico de Morelia, en un horario de las 10 a 14 horas, a partir del lunes 22 de enero y a m\u00e1s tardar el martes 30 de enero del presente a\u00f1o.<\/p>\n<p>De acuerdo a la convocatoria, dichas propuestas deber\u00e1n incluir el nombre o raz\u00f3n social, domicilio y datos de contacto de quien presenta la candidatura, adem\u00e1s de exponer los m\u00e9ritos, hechos u actos realizados por su aspirante.<\/p>\n<p>Se inform\u00f3 que la Secretar\u00eda de Servicios Parlamentarios deber\u00e1 remitir las propuestas recibidas a la Comisi\u00f3n de Justicia el d\u00eda siguiente h\u00e1bil al del cierre del per\u00edodo de recepci\u00f3n.<\/p>\n<p>Est\u00e1 Comisi\u00f3n analizar\u00e1 los perfiles e integrar\u00e1 una terna que ser\u00e1 remitida a la Junta de Coordinaci\u00f3n Pol\u00edtica, a fin de analizar y definir, mediante Propuesta de Acuerdo, al condecorado, la cual ser\u00e1 presentada al Pleno del Congreso del Estado para su consideraci\u00f3n y votaci\u00f3n.<\/p>\n","protected":false},"excerpt":{"rendered":"<p>Ser\u00e1 el lunes 22 de enero cuando inicie el registro de candidatos a la Presea \u201cPrimer Supremo Tribunal de Justicia para la Am\u00e9rica Mexicana, Ario 1815\u201d, galard\u00f3n que se otorga a ciudadanos, instituciones u organizaciones destacadas en el \u00e1mbito de la justicia y en beneficio de la entidad o la naci\u00f3n. La Presea ser\u00e1 entregada [&hellip;]<\/p>\n","protected":false},"author":2,"featured_media":51908,"comment_status":"open","ping_status":"open","sticky":false,"template":"","format":"standard","meta":{"om_disable_all_campaigns":false,"_monsterinsights_skip_tracking":false,"_monsterinsights_sitenote_active":false,"_monsterinsights_sitenote_note":"","_monsterinsights_sitenote_category":0,"_uf_show_specific_survey":0,"_uf_disable_surveys":false,"_jetpack_memberships_contains_paid_content":false,"footnotes":"","jetpack_publicize_message":"","jetpack_publicize_feature_enabled":true,"jetpack_social_post_already_shared":true,"jetpack_social_options":{"image_generator_settings":{"template":"highway","default_image_id":0,"enabled":false},"version":2}},"categories":[15],"tags":[],"class_list":{"0":"post-51907","1":"post","2":"type-post","3":"status-publish","4":"format-standard","5":"has-post-thumbnail","7":"category-michoacan"},"aioseo_notices":[],"jetpack_publicize_connections":[],"jetpack_featured_media_url":"https:\/\/mediagroup.mx\/wp-content\/uploads\/2024\/01\/b3462a5f-8404-4693-814a-805ce3425c51.jpeg","jetpack_sharing_enabled":true,"_links":{"self":[{"href":"https:\/\/mediagroup.mx\/index.php\/wp-json\/wp\/v2\/posts\/51907","targetHints":{"allow":["GET"]}}],"collection":[{"href":"https:\/\/mediagroup.mx\/index.php\/wp-json\/wp\/v2\/posts"}],"about":[{"href":"https:\/\/mediagroup.mx\/index.php\/wp-json\/wp\/v2\/types\/post"}],"author":[{"embeddable":true,"href":"https:\/\/mediagroup.mx\/index.php\/wp-json\/wp\/v2\/users\/2"}],"replies":[{"embeddable":true,"href":"https:\/\/mediagroup.mx\/index.php\/wp-json\/wp\/v2\/comments?post=51907"}],"version-history":[{"count":1,"href":"https:\/\/mediagroup.mx\/index.php\/wp-json\/wp\/v2\/posts\/51907\/revisions"}],"predecessor-version":[{"id":51909,"href":"https:\/\/mediagroup.mx\/index.php\/wp-json\/wp\/v2\/posts\/51907\/revisions\/51909"}],"wp:featuredmedia":[{"embeddable":true,"href":"https:\/\/mediagroup.mx\/index.php\/wp-json\/wp\/v2\/media\/51908"}],"wp:attachment":[{"href":"https:\/\/mediagroup.mx\/index.php\/wp-json\/wp\/v2\/media?parent=51907"}],"wp:term":[{"taxonomy":"category","embeddable":true,"href":"https:\/\/mediagroup.mx\/index.php\/wp-json\/wp\/v2\/categories?post=51907"},{"taxonomy":"post_tag","embeddable":true,"href":"https:\/\/mediagroup.mx\/index.php\/wp-json\/wp\/v2\/tags?post=51907"}],"curies":[{"name":"wp","href":"https:\/\/api.w.org\/{rel}","templated":true}]}}