{"id":51917,"date":"2024-01-18T09:58:30","date_gmt":"2024-01-18T15:58:30","guid":{"rendered":"https:\/\/mediagroup.mx\/?p=51917"},"modified":"2024-01-18T12:29:55","modified_gmt":"2024-01-18T18:29:55","slug":"grave-casi-la-mitad-de-los-mexicanos-no-sabe-que-es-ano-electoral","status":"publish","type":"post","link":"https:\/\/mediagroup.mx\/index.php\/2024\/01\/18\/grave-casi-la-mitad-de-los-mexicanos-no-sabe-que-es-ano-electoral\/","title":{"rendered":"\u00a1Grave! Casi la mitad de los mexicanos no sabe que es a\u00f1o electoral"},"content":{"rendered":"<p><strong>Por: Carlos Alberto Monge Monta\u00f1o<\/strong><\/p>\n<p class=\"s9\"><span class=\"s11\"><span class=\"bumpedFont15\">M\u00e9xico <\/span><\/span><span class=\"s11\"><span class=\"bumpedFont15\">parece sometido <\/span><\/span><span class=\"s11\"><span class=\"bumpedFont15\">a<\/span><\/span><span class=\"s11\"><span class=\"bumpedFont15\"> una polarizaci\u00f3n fomentada con singular <\/span><\/span><span class=\"s11\"><span class=\"bumpedFont15\">insistencia des<\/span><\/span><span class=\"s11\"><span class=\"bumpedFont15\">de Palacio Nacional, que ha logrado dividir al pa\u00eds entre<\/span><\/span><span class=\"s11\"><span class=\"bumpedFont15\"> los que est\u00e1n con Andr\u00e9s Manuel L\u00f3pez Obrador y los que est\u00e1n en <\/span><\/span><span class=\"s11\"><span class=\"bumpedFont15\">contra<\/span><\/span><span class=\"s11\"><span class=\"bumpedFont15\">, lo que<\/span><\/span><span class=\"s11\"><span class=\"bumpedFont15\">,<\/span><\/span><span class=\"s11\"><span class=\"bumpedFont15\"> sin duda<\/span><\/span><span class=\"s11\"><span class=\"bumpedFont15\">, <\/span><\/span><span class=\"s11\"><span class=\"bumpedFont15\">ya <\/span><\/span><span class=\"s11\"><span class=\"bumpedFont15\">in<\/span><\/span><span class=\"s11\"><span class=\"bumpedFont15\">c<\/span><\/span><span class=\"s11\"><span class=\"bumpedFont15\">i<\/span><\/span><span class=\"s11\"><span class=\"bumpedFont15\">d<\/span><\/span><span class=\"s11\"><span class=\"bumpedFont15\">e<\/span><\/span> <span class=\"s11\"><span class=\"bumpedFont15\">en l<\/span><\/span><span class=\"s11\"><span class=\"bumpedFont15\">a<\/span><\/span><span class=\"s11\"><span class=\"bumpedFont15\"> elecci\u00f3n<\/span><\/span><span class=\"s11\"><span class=\"bumpedFont15\"> del presente a\u00f1o.<\/span><\/span><\/p>\n<p class=\"s9\"><span class=\"s11\"><span class=\"bumpedFont15\">El <\/span><\/span><span class=\"s11\"><span class=\"bumpedFont15\">debate diario <\/span><\/span><span class=\"s11\"><span class=\"bumpedFont15\">en rede<\/span><\/span><span class=\"s11\"><span class=\"bumpedFont15\">s <\/span><\/span><span class=\"s11\"><span class=\"bumpedFont15\">sociales<\/span><\/span><span class=\"s11\"><span class=\"bumpedFont15\">,<\/span><\/span><span class=\"s11\"><span class=\"bumpedFont15\"> mesas de <\/span><\/span><span class=\"s11\"><span class=\"bumpedFont15\">caf\u00e9<\/span><\/span> <span class=\"s11\"><span class=\"bumpedFont15\">y <\/span><\/span><span class=\"s11\"><span class=\"bumpedFont15\">entre fam<\/span><\/span><span class=\"s11\"><span class=\"bumpedFont15\">i<\/span><\/span><span class=\"s11\"><span class=\"bumpedFont15\">liares, amigos y <\/span><\/span><span class=\"s11\"><span class=\"bumpedFont15\">compa\u00f1eros<\/span><\/span> <span class=\"s11\"><span class=\"bumpedFont15\">de trabajo<\/span><\/span><span class=\"s11\"><span class=\"bumpedFont15\">, no termina de interesa<\/span><\/span><span class=\"s11\"><span class=\"bumpedFont15\">r<\/span><\/span><span class=\"s11\"><span class=\"bumpedFont15\">a casi la mitad de los mexica<\/span><\/span><span class=\"s11\"><span class=\"bumpedFont15\">nos.<\/span><\/span><\/p>\n<p class=\"s9\"><span class=\"s11\"><span class=\"bumpedFont15\">E<\/span><\/span><span class=\"s11\"><span class=\"bumpedFont15\">ncuesta realizada por Parametr\u00eda en diciembre pasado se\u00f1ala qu<\/span><\/span><span class=\"s11\"><span class=\"bumpedFont15\">e<\/span><\/span><span class=\"s11\"><span class=\"bumpedFont15\"> s\u00f3lo <\/span><\/span><span class=\"s11\"><span class=\"bumpedFont15\">el 4<\/span><\/span><span class=\"s11\"><span class=\"bumpedFont15\">%<\/span><\/span><span class=\"s11\"><span class=\"bumpedFont15\"> de los <\/span><\/span><span class=\"s11\"><span class=\"bumpedFont15\">mexicanos <\/span><\/span><span class=\"s11\"><span class=\"bumpedFont15\">sabe <\/span><\/span><span class=\"s11\"><span class=\"bumpedFont15\">que el 2 de junio se<\/span><\/span><span class=\"s11\"><span class=\"bumpedFont15\">r\u00e1n los comicios, <\/span><\/span><span class=\"s11\"><span class=\"bumpedFont15\">un 16<\/span><\/span><span class=\"s11\"><span class=\"bumpedFont15\">% <\/span><\/span><span class=\"s11\"><span class=\"bumpedFont15\">que ser\u00e1<\/span><\/span><span class=\"s11\"><span class=\"bumpedFont15\">n<\/span><\/span><span class=\"s11\"><span class=\"bumpedFont15\"> en juni<\/span><\/span><span class=\"s11\"><span class=\"bumpedFont15\">o<\/span><\/span><span class=\"s11\"><span class=\"bumpedFont15\">, <\/span><\/span><span class=\"s11\"><span class=\"bumpedFont15\">el <\/span><\/span><span class=\"s11\"><span class=\"bumpedFont15\">23% que <\/span><\/span><span class=\"s11\"><span class=\"bumpedFont15\">se llevar\u00e1n a <\/span><\/span><span class=\"s11\"><span class=\"bumpedFont15\">c<\/span><\/span><span class=\"s11\"><span class=\"bumpedFont15\">a<\/span><\/span><span class=\"s11\"><span class=\"bumpedFont15\">bo<\/span><\/span><span class=\"s11\"><span class=\"bumpedFont15\">en 2024 y un <\/span><\/span><span class=\"s11\"><span class=\"bumpedFont15\">alarmante <\/span><\/span><span class=\"s11\"><span class=\"bumpedFont15\">45 por cien<\/span><\/span><span class=\"s11\"><span class=\"bumpedFont15\">to no se ha enterado.<\/span><\/span><\/p>\n<p class=\"s9\"><span class=\"s11\"><span class=\"bumpedFont15\">Conste, desde el 20 de noviembre<\/span><\/span> <span class=\"s11\"><span class=\"bumpedFont15\">m\u00e1s de 3 mil 700 estaciones de radio y televisi\u00f3n <\/span><\/span><span class=\"s11\"><span class=\"bumpedFont15\">distribuidas en el territorio nacional <\/span><\/span><span class=\"s11\"><span class=\"bumpedFont15\">han difundido <\/span><\/span><span class=\"s11\"><span class=\"bumpedFont15\">casi 8 millones y medio de spots<\/span><\/span><span class=\"s11\"><span class=\"bumpedFont15\"> propagand\u00edsticos de los partidos pol<\/span><\/span><span class=\"s11\"><span class=\"bumpedFont15\">\u00edticos y <\/span><\/span><span class=\"s11\"><span class=\"bumpedFont15\">precan<\/span><\/span><span class=\"s11\"><span class=\"bumpedFont15\">di<\/span><\/span><span class=\"s11\"><span class=\"bumpedFont15\">dato<\/span><\/span><span class=\"s11\"><span class=\"bumpedFont15\">s<\/span><\/span><span class=\"s11\"><span class=\"bumpedFont15\"> presidencial<\/span><\/span><span class=\"s11\"><span class=\"bumpedFont15\">es<\/span><\/span><span class=\"s11\"><span class=\"bumpedFont15\">, <\/span><\/span><span class=\"s11\"><span class=\"bumpedFont15\">as\u00ed como poco m\u00e1s de 8 millones de<\/span><\/span><span class=\"s11\"><span class=\"bumpedFont15\"> spots informativos de <\/span><\/span><span class=\"s11\"><span class=\"bumpedFont15\">los \u00f3rganos electorales<\/span><\/span><span class=\"s11\"><span class=\"bumpedFont15\">, para un<\/span><\/span><span class=\"s11\"><span class=\"bumpedFont15\">total de 16 millones <\/span><\/span><span class=\"s11\"><span class=\"bumpedFont15\">y medio de impactos.<\/span><\/span><\/p>\n<p class=\"s9\"><span class=\"s11\"><span class=\"bumpedFont15\">Mientr<\/span><\/span><span class=\"s11\"><span class=\"bumpedFont15\">as<\/span><\/span><span class=\"s11\"><span class=\"bumpedFont15\"> tanto, <\/span><\/span><span class=\"s11\"><span class=\"bumpedFont15\">la polarizaci\u00f3n ha llevado a debates que advierten <\/span><\/span><span class=\"s11\"><span class=\"bumpedFont15\">que en <\/span><\/span><span class=\"s11\"><span class=\"bumpedFont15\">los comicios <\/span><\/span><span class=\"s11\"><span class=\"bumpedFont15\">del presente a\u00f1o<\/span><\/span> <span class=\"s11\"><span class=\"bumpedFont15\">hay que el<\/span><\/span><span class=\"s11\"><span class=\"bumpedFont15\">egir entre <\/span><\/span><span class=\"s11\"><span class=\"bumpedFont15\">dos escenarios, uno, el de <\/span><\/span><span class=\"s11\"><span class=\"bumpedFont15\">la continuidad <\/span><\/span><span class=\"s11\"><span class=\"bumpedFont15\">populista <\/span><\/span><span class=\"s11\"><span class=\"bumpedFont15\">con el riesgo de <\/span><\/span><span class=\"s11\"><span class=\"bumpedFont15\">transitar a <\/span><\/span><span class=\"s11\"><span class=\"bumpedFont15\">una dict<\/span><\/span><span class=\"s11\"><span class=\"bumpedFont15\">a<\/span><\/span><span class=\"s11\"><span class=\"bumpedFont15\">d<\/span><\/span><span class=\"s11\"><span class=\"bumpedFont15\">ura<\/span><\/span><span class=\"s11\"><span class=\"bumpedFont15\">, <\/span><\/span><span class=\"s11\"><span class=\"bumpedFont15\">y dos,<\/span><\/span><span class=\"s11\"><span class=\"bumpedFont15\"> por el<\/span><\/span><span class=\"s11\"><span class=\"bumpedFont15\"> cambio <\/span><\/span><span class=\"s11\"><span class=\"bumpedFont15\">que<\/span><\/span><span class=\"s11\"><span class=\"bumpedFont15\"> podr\u00eda <\/span><\/span><span class=\"s11\"><span class=\"bumpedFont15\">retomar <\/span><\/span><span class=\"s11\"><span class=\"bumpedFont15\">la incipiente democracia<\/span><\/span><span class=\"s11\"><span class=\"bumpedFont15\">. Sin embargo,<\/span><\/span><span class=\"s11\"><span class=\"bumpedFont15\"> casi la mitad de los <\/span><\/span><span class=\"s11\"><span class=\"bumpedFont15\">mexicanos<\/span><\/span><span class=\"s11\"><span class=\"bumpedFont15\">no ha <\/span><\/span><span class=\"s11\"><span class=\"bumpedFont15\">prestado atenci\u00f3n o <\/span><\/span><span class=\"s11\"><span class=\"bumpedFont15\">no ha tenido la oportunidad <\/span><\/span><span class=\"s11\"><span class=\"bumpedFont15\">po<\/span><\/span><span class=\"s11\"><span class=\"bumpedFont15\">r su prioridad<\/span><\/span><span class=\"s11\"><span class=\"bumpedFont15\"> de hacerle frente al <\/span><\/span><span class=\"s11\"><span class=\"bumpedFont15\">d\u00eda<\/span><\/span> <span class=\"s11\"><span class=\"bumpedFont15\">a <\/span><\/span><span class=\"s11\"><span class=\"bumpedFont15\">d\u00eda<\/span><\/span><span class=\"s11\"><span class=\"bumpedFont15\">.<\/span><\/span><\/p>\n<p class=\"s9\"><span class=\"s11\"><span class=\"bumpedFont15\">Por lo <\/span><\/span><span class=\"s11\"><span class=\"bumpedFont15\">pronto<\/span><\/span><span class=\"s11\"><span class=\"bumpedFont15\">,<\/span><\/span><span class=\"s11\"><span class=\"bumpedFont15\"> viene un <\/span><\/span><span class=\"s11\"><span class=\"bumpedFont15\">descans<\/span><\/span><span class=\"s11\"><span class=\"bumpedFont15\">o<\/span><\/span><span class=\"s11\"><span class=\"bumpedFont15\">. A <\/span><\/span><span class=\"s11\"><span class=\"bumpedFont15\">partir<\/span><\/span> <span class=\"s11\"><span class=\"bumpedFont15\">del <\/span><\/span><span class=\"s11\"><span class=\"bumpedFont15\">viernes<\/span><\/span><span class=\"s11\"><span class=\"bumpedFont15\"> 19 de <\/span><\/span><span class=\"s11\"><span class=\"bumpedFont15\">enero<\/span><\/span><span class=\"s11\"><span class=\"bumpedFont15\">y hasta el jueves 29 de feb<\/span><\/span><span class=\"s11\"><span class=\"bumpedFont15\">rero se desarrollar\u00e1 el periodo denomi<\/span><\/span><span class=\"s11\"><span class=\"bumpedFont15\">nado in<\/span><\/span><span class=\"s11\"><span class=\"bumpedFont15\">tercampa\u00f1as, donde <\/span><\/span><span class=\"s11\"><span class=\"bumpedFont15\">baja<\/span><\/span><span class=\"s11\"><span class=\"bumpedFont15\">r\u00e1<\/span><\/span><span class=\"s11\"><span class=\"bumpedFont15\"> la intensidad de los<\/span><\/span> <span class=\"s11\"><span class=\"bumpedFont15\">spots y dej<\/span><\/span><span class=\"s11\"><span class=\"bumpedFont15\">ar\u00e1n de aparecer en ellos<\/span><\/span> <span class=\"s11\"><span class=\"bumpedFont15\">Claudia Sheinbaum Pardo<\/span><\/span><span class=\"s11\"><span class=\"bumpedFont15\">,<\/span><\/span> <span class=\"s11\"><span class=\"bumpedFont15\">X\u00f3chitl G\u00e1lvez <\/span><\/span><span class=\"s11\"><span class=\"bumpedFont15\">Ruiz<\/span><\/span> <span class=\"s11\"><span class=\"bumpedFont15\">y <\/span><\/span><span class=\"s11\"><span class=\"bumpedFont15\">Jorge \u00c1lvarez M\u00e1ynez<\/span><\/span><span class=\"s11\"><span class=\"bumpedFont15\">.<\/span><\/span><\/p>\n<p class=\"s9\"><span class=\"s11\"><span class=\"bumpedFont15\">Durante este periodo<\/span><\/span><span class=\"s11\"><span class=\"bumpedFont15\"> se v<\/span><\/span><span class=\"s11\"><span class=\"bumpedFont15\">an a di<\/span><\/span><span class=\"s11\"><span class=\"bumpedFont15\">fundir <\/span><\/span><span class=\"s11\"><span class=\"bumpedFont15\">m\u00e1s de 12 millones 100 mil spots, de los cuales<\/span><\/span><span class=\"s11\"><span class=\"bumpedFont15\">,<\/span><\/span> <span class=\"s11\"><span class=\"bumpedFont15\">4 millones 673 m<\/span><\/span><span class=\"s11\"><span class=\"bumpedFont15\">il <\/span><\/span><span class=\"s11\"><span class=\"bumpedFont15\">ser\u00e1n de<\/span><\/span><span class=\"s11\"><span class=\"bumpedFont15\"> los partidos pol\u00edticos y <\/span><\/span><span class=\"s11\"><span class=\"bumpedFont15\">7 mill<\/span><\/span><span class=\"s11\"><span class=\"bumpedFont15\">ones 427 mil <\/span><\/span><span class=\"s11\"><span class=\"bumpedFont15\">de<\/span><\/span><span class=\"s11\"><span class=\"bumpedFont15\"> los <\/span><\/span><span class=\"s11\"><span class=\"bumpedFont15\">\u00f3rganos electorales.<\/span><\/span><\/p>\n<p class=\"s9\"><span class=\"s11\"><span class=\"bumpedFont15\">Estamos <\/span><\/span><span class=\"s11\"><span class=\"bumpedFont15\">a 4 meses y medio<\/span><\/span><span class=\"s11\"><span class=\"bumpedFont15\"> de la jornada electoral<\/span><\/span><span class=\"s11\"><span class=\"bumpedFont15\"> que se desarrollar\u00e1 el 2 de junio. La meta central en este moment<\/span><\/span><span class=\"s11\"><span class=\"bumpedFont15\">o <\/span><\/span><span class=\"s11\"><span class=\"bumpedFont15\">y <\/span><\/span><span class=\"s11\"><span class=\"bumpedFont15\">que <\/span><\/span><span class=\"s11\"><span class=\"bumpedFont15\">nos <\/span><\/span><span class=\"s11\"><span class=\"bumpedFont15\">involucra a todos<\/span><\/span><span class=\"s11\"><span class=\"bumpedFont15\">,<\/span><\/span><span class=\"s11\"><span class=\"bumpedFont15\"> es lograr que la mayor\u00eda de <\/span><\/span><span class=\"s11\"><span class=\"bumpedFont15\">los mexicanos<\/span><\/span> <span class=\"s11\"><span class=\"bumpedFont15\">se en<\/span><\/span><span class=\"s11\"><span class=\"bumpedFont15\">ter<\/span><\/span><span class=\"s11\"><span class=\"bumpedFont15\">e<\/span><\/span><span class=\"s11\"><span class=\"bumpedFont15\"> que <\/span><\/span><span class=\"s11\"><span class=\"bumpedFont15\">habr\u00e1 elecciones y la importancia que <\/span><\/span><span class=\"s11\"><span class=\"bumpedFont15\">representa.<\/span><\/span><\/p>\n<p class=\"s9\"><span class=\"s11\"><span class=\"bumpedFont15\">El gran reto y que trasciende a partidos pol\u00edticos y <\/span><\/span><span class=\"s11\"><span class=\"bumpedFont15\">\u00f3rganos electorales, es que <\/span><\/span><span class=\"s11\"><span class=\"bumpedFont15\">los ciudadanos ejerzamos nuestro derecho a vota<\/span><\/span><span class=\"s11\"><span class=\"bumpedFont15\">r. El enorme reto<\/span><\/span><span class=\"s11\"><span class=\"bumpedFont15\">, es <\/span><\/span><span class=\"s11\"><span class=\"bumpedFont15\">lograr <\/span><\/span><span class=\"s11\"><span class=\"bumpedFont15\">que haya<\/span><\/span><span class=\"s11\"><span class=\"bumpedFont15\"> una <\/span><\/span><span class=\"s11\"><span class=\"bumpedFont15\">participaci\u00f3n<\/span><\/span> <span class=\"s11\"><span class=\"bumpedFont15\">ej<\/span><\/span><span class=\"s11\"><span class=\"bumpedFont15\">emplar que <\/span><\/span><span class=\"s11\"><span class=\"bumpedFont15\">disminuya los alca<\/span><\/span><span class=\"s11\"><span class=\"bumpedFont15\">nces <\/span><\/span><span class=\"s11\"><span class=\"bumpedFont15\">de <\/span><\/span><span class=\"s11\"><span class=\"bumpedFont15\">las <\/span><\/span><span class=\"s11\"><span class=\"bumpedFont15\">triqui\u00f1uelas partidistas<\/span><\/span><span class=\"s11\"><span class=\"bumpedFont15\"> y complique la elecci\u00f3n de Estado que desde hace meses <\/span><\/span><span class=\"s11\"><span class=\"bumpedFont15\">puso en marcha L\u00f3pez Obrador.<\/span><\/span><\/p>\n<p class=\"s9\"><span class=\"s11\"><span class=\"bumpedFont15\">As\u00ed que, desde ya, vamos a sumarnos para que el 2 de junio,<\/span><\/span><span class=\"s11\"><span class=\"bumpedFont15\">acudamos a las urnas a votar<\/span><\/span> <span class=\"s11\"><span class=\"bumpedFont15\">una <\/span><\/span><span class=\"s11\"><span class=\"bumpedFont15\">mayor\u00eda<\/span><\/span> <span class=\"s11\"><span class=\"bumpedFont15\">ejemplar. El reto e<\/span><\/span><span class=\"s11\"><span class=\"bumpedFont15\">s gran<\/span><\/span><span class=\"s11\"><span class=\"bumpedFont15\">de, en esp<\/span><\/span><span class=\"s11\"><span class=\"bumpedFont15\">e<\/span><\/span><span class=\"s11\"><span class=\"bumpedFont15\">cial por el hartazgo que han cau<\/span><\/span><span class=\"s11\"><span class=\"bumpedFont15\">sado los <\/span><\/span><span class=\"s11\"><span class=\"bumpedFont15\">partidos<\/span><\/span> <span class=\"s11\"><span class=\"bumpedFont15\">y la clase pol\u00edtica, <\/span><\/span><span class=\"s11\"><span class=\"bumpedFont15\">pero y <\/span><\/span><span class=\"s11\"><span class=\"bumpedFont15\">a pesar<\/span><\/span> <span class=\"s11\"><span class=\"bumpedFont15\">de ello, votemos, hagamo<\/span><\/span><span class=\"s11\"><span class=\"bumpedFont15\">s lo correcto<\/span><\/span><span class=\"s11\"><span class=\"bumpedFont15\">, a\u00fan<\/span><\/span><span class=\"s11\"><span class=\"bumpedFont15\"> tenemos 4 meses y medio para incidir con los familiares, a<\/span><\/span><span class=\"s11\"><span class=\"bumpedFont15\">migos, vecino<\/span><\/span><span class=\"s11\"><span class=\"bumpedFont15\">s y compa<\/span><\/span><span class=\"s11\"><span class=\"bumpedFont15\">\u00f1eros.<\/span><\/span><\/p>\n<p class=\"s9\"><span class=\"s2\"><span class=\"bumpedFont15\">C<\/span><\/span><span class=\"s2\"><span class=\"bumpedFont15\">o<\/span><\/span><span class=\"s2\"><span class=\"bumpedFont15\">n <\/span><\/span><span class=\"s2\"><span class=\"bumpedFont15\">l<\/span><\/span><span class=\"s2\"><span class=\"bumpedFont15\">a<\/span><\/span><span class=\"s2\"><span class=\"bumpedFont15\"> es<\/span><\/span><span class=\"s2\"><span class=\"bumpedFont15\">pe<\/span><\/span><span class=\"s2\"><span class=\"bumpedFont15\">ra<\/span><\/span><span class=\"s2\"><span class=\"bumpedFont15\">n<\/span><\/span><span class=\"s2\"><span class=\"bumpedFont15\">za <\/span><\/span><span class=\"s2\"><span class=\"bumpedFont15\">de que<\/span><\/span> <span class=\"s2\"><span class=\"bumpedFont15\">hay<\/span><\/span><span class=\"s2\"><span class=\"bumpedFont15\">a<\/span><\/span><span class=\"s2\"><span class=\"bumpedFont15\"> una pr<\/span><\/span><span class=\"s2\"><span class=\"bumpedFont15\">\u00f3x<\/span><\/span><span class=\"s2\"><span class=\"bumpedFont15\">i<\/span><\/span><span class=\"s2\"><span class=\"bumpedFont15\">ma ve<\/span><\/span><span class=\"s2\"><span class=\"bumpedFont15\">z\u2026<\/span><\/span><span class=\"s2\"><span class=\"bumpedFont15\"> m<\/span><\/span><span class=\"s2\"><span class=\"bumpedFont15\">e<\/span><\/span><span class=\"s2\"><span class=\"bumpedFont15\"> de<\/span><\/span><span class=\"s2\"><span class=\"bumpedFont15\">s<\/span><\/span><span class=\"s2\"><span class=\"bumpedFont15\">p<\/span><\/span><span class=\"s2\"><span class=\"bumpedFont15\">i<\/span><\/span><span class=\"s2\"><span class=\"bumpedFont15\">d<\/span><\/span><span class=\"s2\"><span class=\"bumpedFont15\">o, g<\/span><\/span><span class=\"s2\"><span class=\"bumpedFont15\">ra<\/span><\/span><span class=\"s2\"><span class=\"bumpedFont15\">c<\/span><\/span><span class=\"s2\"><span class=\"bumpedFont15\">i<\/span><\/span><span class=\"s2\"><span class=\"bumpedFont15\">a<\/span><\/span><span class=\"s2\"><span class=\"bumpedFont15\">s.<\/span><\/span><\/p>\n<p class=\"s9\">\n","protected":false},"excerpt":{"rendered":"<p>Por: Carlos Alberto Monge Monta\u00f1o M\u00e9xico parece sometido a una polarizaci\u00f3n fomentada con singular insistencia desde Palacio Nacional, que ha logrado dividir al pa\u00eds entre los que est\u00e1n con Andr\u00e9s Manuel L\u00f3pez Obrador y los que est\u00e1n en contra, lo que, sin duda, ya incide en la elecci\u00f3n del presente a\u00f1o. El debate diario en [&hellip;]<\/p>\n","protected":false},"author":2,"featured_media":51918,"comment_status":"open","ping_status":"open","sticky":false,"template":"","format":"standard","meta":{"om_disable_all_campaigns":false,"_monsterinsights_skip_tracking":false,"_monsterinsights_sitenote_active":false,"_monsterinsights_sitenote_note":"","_monsterinsights_sitenote_category":0,"_uf_show_specific_survey":0,"_uf_disable_surveys":false,"_jetpack_memberships_contains_paid_content":false,"footnotes":"","jetpack_publicize_message":"","jetpack_publicize_feature_enabled":true,"jetpack_social_post_already_shared":true,"jetpack_social_options":{"image_generator_settings":{"template":"highway","default_image_id":0,"enabled":false},"version":2}},"categories":[23],"tags":[],"class_list":{"0":"post-51917","1":"post","2":"type-post","3":"status-publish","4":"format-standard","5":"has-post-thumbnail","7":"category-nacional"},"aioseo_notices":[],"jetpack_publicize_connections":[],"jetpack_featured_media_url":"https:\/\/mediagroup.mx\/wp-content\/uploads\/2024\/01\/fe21a1e1-9983-45a5-ae4c-3bfe669508db.jpeg","jetpack_sharing_enabled":true,"_links":{"self":[{"href":"https:\/\/mediagroup.mx\/index.php\/wp-json\/wp\/v2\/posts\/51917","targetHints":{"allow":["GET"]}}],"collection":[{"href":"https:\/\/mediagroup.mx\/index.php\/wp-json\/wp\/v2\/posts"}],"about":[{"href":"https:\/\/mediagroup.mx\/index.php\/wp-json\/wp\/v2\/types\/post"}],"author":[{"embeddable":true,"href":"https:\/\/mediagroup.mx\/index.php\/wp-json\/wp\/v2\/users\/2"}],"replies":[{"embeddable":true,"href":"https:\/\/mediagroup.mx\/index.php\/wp-json\/wp\/v2\/comments?post=51917"}],"version-history":[{"count":3,"href":"https:\/\/mediagroup.mx\/index.php\/wp-json\/wp\/v2\/posts\/51917\/revisions"}],"predecessor-version":[{"id":51921,"href":"https:\/\/mediagroup.mx\/index.php\/wp-json\/wp\/v2\/posts\/51917\/revisions\/51921"}],"wp:featuredmedia":[{"embeddable":true,"href":"https:\/\/mediagroup.mx\/index.php\/wp-json\/wp\/v2\/media\/51918"}],"wp:attachment":[{"href":"https:\/\/mediagroup.mx\/index.php\/wp-json\/wp\/v2\/media?parent=51917"}],"wp:term":[{"taxonomy":"category","embeddable":true,"href":"https:\/\/mediagroup.mx\/index.php\/wp-json\/wp\/v2\/categories?post=51917"},{"taxonomy":"post_tag","embeddable":true,"href":"https:\/\/mediagroup.mx\/index.php\/wp-json\/wp\/v2\/tags?post=51917"}],"curies":[{"name":"wp","href":"https:\/\/api.w.org\/{rel}","templated":true}]}}