{"id":51935,"date":"2024-01-18T18:16:38","date_gmt":"2024-01-19T00:16:38","guid":{"rendered":"https:\/\/mediagroup.mx\/?p=51935"},"modified":"2024-01-18T18:16:38","modified_gmt":"2024-01-19T00:16:38","slug":"no-descarto-poncho-tinte-politico-en-insistencia-de-que-morelia-es-foco-rojo-por-inseguridad-2","status":"publish","type":"post","link":"https:\/\/mediagroup.mx\/index.php\/2024\/01\/18\/no-descarto-poncho-tinte-politico-en-insistencia-de-que-morelia-es-foco-rojo-por-inseguridad-2\/","title":{"rendered":"No descart\u00f3 Poncho tinte pol\u00edtico en insistencia de que Morelia es foco rojo por inseguridad"},"content":{"rendered":"<p style=\"text-align: justify;\">El presidente municipal Alfonso Mart\u00ednez Alc\u00e1zar consider\u00f3 que pudiera tener alguna intenci\u00f3n pol\u00edtica la insistencia de que Morelia es foco rojo en materia de seguridad.<\/p>\n<p style=\"text-align: justify;\">Reconoci\u00f3 que la regi\u00f3n Morelia tuvo unas situaciones complejas en d\u00edas pasados, que requirieron de la atenci\u00f3n federal y estatal, as\u00ed como de la coordinaci\u00f3n interinstitucional, por tratarse de delitos de alto impacto.<\/p>\n<p style=\"text-align: justify;\">El d\u00eda de hoy, resalt\u00f3, tenemos informaci\u00f3n del Secretariado Ejecutivo del Sistema Nacional de Seguridad P\u00fablica en donde se ve que Morelia sigue avanzando en la reducci\u00f3n de delitos de la competencia municipal.<\/p>\n<p style=\"text-align: justify;\">Es de mencionar que este jueves el INEGI public\u00f3 la Encuesta Nacional de Seguridad P\u00fablica Urbana; report\u00f3 que de manera general hay una disminuci\u00f3n en la percepci\u00f3n de inseguridad en las ciudades de inter\u00e9s de Michoac\u00e1n; sin embargo, Uruapan contin\u00faa en la tercera posici\u00f3n a nivel nacional, donde su poblaci\u00f3n percibe problemas en este sentido, con el 89.9 por ciento.<\/p>\n<p style=\"text-align: justify;\">Sobre sus aspiraciones pol\u00edticas, expres\u00f3: \u00abVamos por partes, ya nos registramos con el PRD y el s\u00e1bado pr\u00f3ximo va a ser por el PAN\u00bb.<\/p>\n<p style=\"text-align: justify;\">Con el PRI, recalc\u00f3 Mart\u00ednez Alc\u00e1zar que se sigue construyendo el di\u00e1logo para obtener el respaldo. Insisti\u00f3 que se construir\u00e1 y caminar\u00e1 con todos los que deseen sumarse a su proyecto.<\/p>\n<p>Por: Silvia Hern\u00e1ndez<\/p>\n","protected":false},"excerpt":{"rendered":"<p>El presidente municipal Alfonso Mart\u00ednez Alc\u00e1zar consider\u00f3 que pudiera tener alguna intenci\u00f3n pol\u00edtica la insistencia de que Morelia es foco rojo en materia de seguridad. Reconoci\u00f3 que la regi\u00f3n Morelia tuvo unas situaciones complejas en d\u00edas pasados, que requirieron de la atenci\u00f3n federal y estatal, as\u00ed como de la coordinaci\u00f3n interinstitucional, por tratarse de delitos [&hellip;]<\/p>\n","protected":false},"author":2,"featured_media":51936,"comment_status":"open","ping_status":"open","sticky":false,"template":"","format":"standard","meta":{"om_disable_all_campaigns":false,"_monsterinsights_skip_tracking":false,"_monsterinsights_sitenote_active":false,"_monsterinsights_sitenote_note":"","_monsterinsights_sitenote_category":0,"_uf_show_specific_survey":0,"_uf_disable_surveys":false,"_jetpack_memberships_contains_paid_content":false,"footnotes":"","jetpack_publicize_message":"","jetpack_publicize_feature_enabled":true,"jetpack_social_post_already_shared":true,"jetpack_social_options":{"image_generator_settings":{"template":"highway","default_image_id":0,"enabled":false},"version":2}},"categories":[17,24],"tags":[],"class_list":{"0":"post-51935","1":"post","2":"type-post","3":"status-publish","4":"format-standard","5":"has-post-thumbnail","7":"category-morelia","8":"category-seguridad"},"aioseo_notices":[],"jetpack_publicize_connections":[],"jetpack_featured_media_url":"https:\/\/mediagroup.mx\/wp-content\/uploads\/2024\/01\/WhatsApp-Image-2024-01-18-at-1.38.05-PM.jpeg","jetpack_sharing_enabled":true,"_links":{"self":[{"href":"https:\/\/mediagroup.mx\/index.php\/wp-json\/wp\/v2\/posts\/51935","targetHints":{"allow":["GET"]}}],"collection":[{"href":"https:\/\/mediagroup.mx\/index.php\/wp-json\/wp\/v2\/posts"}],"about":[{"href":"https:\/\/mediagroup.mx\/index.php\/wp-json\/wp\/v2\/types\/post"}],"author":[{"embeddable":true,"href":"https:\/\/mediagroup.mx\/index.php\/wp-json\/wp\/v2\/users\/2"}],"replies":[{"embeddable":true,"href":"https:\/\/mediagroup.mx\/index.php\/wp-json\/wp\/v2\/comments?post=51935"}],"version-history":[{"count":1,"href":"https:\/\/mediagroup.mx\/index.php\/wp-json\/wp\/v2\/posts\/51935\/revisions"}],"predecessor-version":[{"id":51937,"href":"https:\/\/mediagroup.mx\/index.php\/wp-json\/wp\/v2\/posts\/51935\/revisions\/51937"}],"wp:featuredmedia":[{"embeddable":true,"href":"https:\/\/mediagroup.mx\/index.php\/wp-json\/wp\/v2\/media\/51936"}],"wp:attachment":[{"href":"https:\/\/mediagroup.mx\/index.php\/wp-json\/wp\/v2\/media?parent=51935"}],"wp:term":[{"taxonomy":"category","embeddable":true,"href":"https:\/\/mediagroup.mx\/index.php\/wp-json\/wp\/v2\/categories?post=51935"},{"taxonomy":"post_tag","embeddable":true,"href":"https:\/\/mediagroup.mx\/index.php\/wp-json\/wp\/v2\/tags?post=51935"}],"curies":[{"name":"wp","href":"https:\/\/api.w.org\/{rel}","templated":true}]}}