{"id":51968,"date":"2024-01-20T18:40:18","date_gmt":"2024-01-21T00:40:18","guid":{"rendered":"https:\/\/mediagroup.mx\/?p=51968"},"modified":"2024-01-20T18:40:18","modified_gmt":"2024-01-21T00:40:18","slug":"accion-nacional-muestra-fuerza-y-respaldo-en-morelia-porque-las-cosas-se-han-hecho-bien-marko-cortes","status":"publish","type":"post","link":"https:\/\/mediagroup.mx\/index.php\/2024\/01\/20\/accion-nacional-muestra-fuerza-y-respaldo-en-morelia-porque-las-cosas-se-han-hecho-bien-marko-cortes\/","title":{"rendered":"Acci\u00f3n Nacional muestra fuerza y respaldo en Morelia porque las cosas se han hecho bien: Marko Cort\u00e9s"},"content":{"rendered":"<p>En su calidad de presidente del Comit\u00e9 Ejecutivo Nacional del PAN, Marko Cort\u00e9s Mendoza, celebr\u00f3 la fuerza y el respaldo de la gente al partido y a Alfonso Mart\u00ednez Alc\u00e1zar en Morelia, municipio en donde destac\u00f3, las cosas se han hecho bien.<\/p>\n<p>El l\u00edder nacional del panismo, encabez\u00f3 una caminata hacia el Comit\u00e9 Directivo del partido, en la que participaron miles de personas y que defini\u00f3 como una marcha por la defensa de Morelia, de la libertad y de la casa grande.<\/p>\n<p>\u201cLa experiencia te ha dado la capacidad de ser un buen presidente\u201d expres\u00f3 al alcalde y explic\u00f3 que acudi\u00f3 a este registro porque hasta el momento Alfonso Mart\u00ednez es el \u00fanico \u201ccon valor y decisi\u00f3n\u201d que se lanz\u00f3 nuevamente para gobernar Morelia.<\/p>\n<p>Pero aclar\u00f3, que siguiendo los estatutos y reglamentos del partido estar\u00e1 atento y pendiente si alguien m\u00e1s acude a registrarse.<\/p>\n<p>El l\u00edder del blanquiazul, destac\u00f3 la presencia del presidente de la direcci\u00f3n estatal ejecutiva del PRD, Octavio Ocampo, y del PRI con Roberto Carlos L\u00f3pez: la secretaria de Promoci\u00f3n Pol\u00edtica de la Mujer, Laura Esquivel, el consejero nacional del PAN, Jos\u00e9 Manuel Hinojosa P\u00e9rez, el secretario general del partido en la entidad, Javier Estrada y del primer presidente panista de la ciudad de Morelia, Salvador L\u00f3pez Ordu\u00f1a.<\/p>\n<p>Destac\u00f3 en su mensaje que es construyendo y con acuerdos como se ejerce la pol\u00edtica.<br \/>\n\u201cLa pol\u00edtica es el arte de entenderte, la pol\u00edtica de la buena es cuando pones por delante un objetivo, un prop\u00f3sito. La pol\u00edtica de la buena es cuando se trabaja y se da resultados y por eso me siento muy orgulloso de haber reencontrado al panismo moreliano, por eso me siento muy orgulloso de haber ganado hace unos a\u00f1os la presidencia municipal con Alfonso Mart\u00ednez y por eso me siento muy orgulloso por la fuerza que demostramos hoy\u201d, concluy\u00f3.<\/p>\n","protected":false},"excerpt":{"rendered":"<p>En su calidad de presidente del Comit\u00e9 Ejecutivo Nacional del PAN, Marko Cort\u00e9s Mendoza, celebr\u00f3 la fuerza y el respaldo de la gente al partido y a Alfonso Mart\u00ednez Alc\u00e1zar en Morelia, municipio en donde destac\u00f3, las cosas se han hecho bien. El l\u00edder nacional del panismo, encabez\u00f3 una caminata hacia el Comit\u00e9 Directivo del [&hellip;]<\/p>\n","protected":false},"author":2,"featured_media":51969,"comment_status":"open","ping_status":"open","sticky":false,"template":"","format":"standard","meta":{"om_disable_all_campaigns":false,"_monsterinsights_skip_tracking":false,"_monsterinsights_sitenote_active":false,"_monsterinsights_sitenote_note":"","_monsterinsights_sitenote_category":0,"_uf_show_specific_survey":0,"_uf_disable_surveys":false,"_jetpack_memberships_contains_paid_content":false,"footnotes":"","jetpack_publicize_message":"","jetpack_publicize_feature_enabled":true,"jetpack_social_post_already_shared":true,"jetpack_social_options":{"image_generator_settings":{"template":"highway","default_image_id":0,"enabled":false},"version":2}},"categories":[17],"tags":[],"class_list":{"0":"post-51968","1":"post","2":"type-post","3":"status-publish","4":"format-standard","5":"has-post-thumbnail","7":"category-morelia"},"aioseo_notices":[],"jetpack_publicize_connections":[],"jetpack_featured_media_url":"https:\/\/mediagroup.mx\/wp-content\/uploads\/2024\/01\/92af60ac-d235-4773-97cc-b1f83115b101.jpeg","jetpack_sharing_enabled":true,"_links":{"self":[{"href":"https:\/\/mediagroup.mx\/index.php\/wp-json\/wp\/v2\/posts\/51968","targetHints":{"allow":["GET"]}}],"collection":[{"href":"https:\/\/mediagroup.mx\/index.php\/wp-json\/wp\/v2\/posts"}],"about":[{"href":"https:\/\/mediagroup.mx\/index.php\/wp-json\/wp\/v2\/types\/post"}],"author":[{"embeddable":true,"href":"https:\/\/mediagroup.mx\/index.php\/wp-json\/wp\/v2\/users\/2"}],"replies":[{"embeddable":true,"href":"https:\/\/mediagroup.mx\/index.php\/wp-json\/wp\/v2\/comments?post=51968"}],"version-history":[{"count":1,"href":"https:\/\/mediagroup.mx\/index.php\/wp-json\/wp\/v2\/posts\/51968\/revisions"}],"predecessor-version":[{"id":51970,"href":"https:\/\/mediagroup.mx\/index.php\/wp-json\/wp\/v2\/posts\/51968\/revisions\/51970"}],"wp:featuredmedia":[{"embeddable":true,"href":"https:\/\/mediagroup.mx\/index.php\/wp-json\/wp\/v2\/media\/51969"}],"wp:attachment":[{"href":"https:\/\/mediagroup.mx\/index.php\/wp-json\/wp\/v2\/media?parent=51968"}],"wp:term":[{"taxonomy":"category","embeddable":true,"href":"https:\/\/mediagroup.mx\/index.php\/wp-json\/wp\/v2\/categories?post=51968"},{"taxonomy":"post_tag","embeddable":true,"href":"https:\/\/mediagroup.mx\/index.php\/wp-json\/wp\/v2\/tags?post=51968"}],"curies":[{"name":"wp","href":"https:\/\/api.w.org\/{rel}","templated":true}]}}