{"id":51984,"date":"2024-01-22T11:11:20","date_gmt":"2024-01-22T17:11:20","guid":{"rendered":"https:\/\/mediagroup.mx\/?p=51984"},"modified":"2024-01-22T11:11:20","modified_gmt":"2024-01-22T17:11:20","slug":"fgr-condena-liberacion-de-ocho-militares-relacionados-con-el-caso-ayotzinapa","status":"publish","type":"post","link":"https:\/\/mediagroup.mx\/index.php\/2024\/01\/22\/fgr-condena-liberacion-de-ocho-militares-relacionados-con-el-caso-ayotzinapa\/","title":{"rendered":"FGR condena liberaci\u00f3n de ocho militares relacionados con el caso Ayotzinapa"},"content":{"rendered":"<p style=\"text-align: justify;\">La\u00a0<strong>Fiscal\u00eda General de la Rep\u00fablica<\/strong>\u00a0(<strong>FGR<\/strong>) manifest\u00f3 su rechazo a la liberaci\u00f3n de ocho militares relacionados con el caso\u00a0<strong>Ayotzinapa<\/strong>.<\/p>\n<p style=\"text-align: justify;\">Por medio de un comunicado, la autoridad judicial conden\u00f3 la determinaci\u00f3n de la jueza del Segundo Distrito de Procesos Penales Federales en el Estado de M\u00e9xico,\u00a0<strong>Raquel Ivette Duarte Cedillo<\/strong>\u00a0y de los\u00a0<strong>Magistrados del tribunal colegiado correspondiente<\/strong>, Horacio Armando Hern\u00e1ndez Orozco, Juan Jos\u00e9 Olvera L\u00f3pez y Francisco Sarabia Ascencio.<\/p>\n<p style=\"text-align: justify;\">Apunt\u00f3 que la jueza y los magistrados generaron una \u201cevidente situaci\u00f3n de injusticia\u201d al otorgar una serie de procedimientos de amparo y de ampliaci\u00f3n de amparo que concedieron \u201cventajas indebidas a quienes no lo merecen\u201d.<\/p>\n<div id=\"ros-inread-4rry7g\" class=\"ad-container dfp-ad-unit ad-inread ad-main-inread ad-slot\" style=\"text-align: justify;\" data-ad-type=\"inread\" data-slot=\"inread\" data-ad-loaded=\"1\" data-ad-setup=\"{&quot;postID&quot;:1590235,&quot;canRefresh&quot;:false,&quot;infinitescroll&quot;:false}\" data-google-query-id=\"CKz2jJa-8YMDFRTQ4wcdUmEF3A\">La FGR anunci\u00f3 que presentar\u00e1 los recursos correspondientes y denunciar\u00e1n a la jueza y los magistrados por hechos cometidos en contra de la administraci\u00f3n de justicia.<\/div>\n<div data-ad-type=\"inread\" data-slot=\"inread\" data-ad-loaded=\"1\" data-ad-setup=\"{&quot;postID&quot;:1590235,&quot;canRefresh&quot;:false,&quot;infinitescroll&quot;:false}\" data-google-query-id=\"CKz2jJa-8YMDFRTQ4wcdUmEF3A\"><\/div>\n<div data-ad-type=\"inread\" data-slot=\"inread\" data-ad-loaded=\"1\" data-ad-setup=\"{&quot;postID&quot;:1590235,&quot;canRefresh&quot;:false,&quot;infinitescroll&quot;:false}\" data-google-query-id=\"CKz2jJa-8YMDFRTQ4wcdUmEF3A\">Con informaci\u00f3n de: https:\/\/lopezdoriga.com\/<\/div>\n","protected":false},"excerpt":{"rendered":"<p>La\u00a0Fiscal\u00eda General de la Rep\u00fablica\u00a0(FGR) manifest\u00f3 su rechazo a la liberaci\u00f3n de ocho militares relacionados con el caso\u00a0Ayotzinapa. Por medio de un comunicado, la autoridad judicial conden\u00f3 la determinaci\u00f3n de la jueza del Segundo Distrito de Procesos Penales Federales en el Estado de M\u00e9xico,\u00a0Raquel Ivette Duarte Cedillo\u00a0y de los\u00a0Magistrados del tribunal colegiado correspondiente, Horacio Armando [&hellip;]<\/p>\n","protected":false},"author":2,"featured_media":51985,"comment_status":"open","ping_status":"open","sticky":false,"template":"","format":"standard","meta":{"om_disable_all_campaigns":false,"_monsterinsights_skip_tracking":false,"_monsterinsights_sitenote_active":false,"_monsterinsights_sitenote_note":"","_monsterinsights_sitenote_category":0,"_uf_show_specific_survey":0,"_uf_disable_surveys":false,"_jetpack_memberships_contains_paid_content":false,"footnotes":"","jetpack_publicize_message":"","jetpack_publicize_feature_enabled":true,"jetpack_social_post_already_shared":true,"jetpack_social_options":{"image_generator_settings":{"template":"highway","default_image_id":0,"enabled":false},"version":2}},"categories":[23],"tags":[],"class_list":{"0":"post-51984","1":"post","2":"type-post","3":"status-publish","4":"format-standard","5":"has-post-thumbnail","7":"category-nacional"},"aioseo_notices":[],"jetpack_publicize_connections":[],"jetpack_featured_media_url":"https:\/\/mediagroup.mx\/wp-content\/uploads\/2024\/01\/Captura-de-pantalla-2024-01-22-a-las-11.10.37.png","jetpack_sharing_enabled":true,"_links":{"self":[{"href":"https:\/\/mediagroup.mx\/index.php\/wp-json\/wp\/v2\/posts\/51984","targetHints":{"allow":["GET"]}}],"collection":[{"href":"https:\/\/mediagroup.mx\/index.php\/wp-json\/wp\/v2\/posts"}],"about":[{"href":"https:\/\/mediagroup.mx\/index.php\/wp-json\/wp\/v2\/types\/post"}],"author":[{"embeddable":true,"href":"https:\/\/mediagroup.mx\/index.php\/wp-json\/wp\/v2\/users\/2"}],"replies":[{"embeddable":true,"href":"https:\/\/mediagroup.mx\/index.php\/wp-json\/wp\/v2\/comments?post=51984"}],"version-history":[{"count":1,"href":"https:\/\/mediagroup.mx\/index.php\/wp-json\/wp\/v2\/posts\/51984\/revisions"}],"predecessor-version":[{"id":51986,"href":"https:\/\/mediagroup.mx\/index.php\/wp-json\/wp\/v2\/posts\/51984\/revisions\/51986"}],"wp:featuredmedia":[{"embeddable":true,"href":"https:\/\/mediagroup.mx\/index.php\/wp-json\/wp\/v2\/media\/51985"}],"wp:attachment":[{"href":"https:\/\/mediagroup.mx\/index.php\/wp-json\/wp\/v2\/media?parent=51984"}],"wp:term":[{"taxonomy":"category","embeddable":true,"href":"https:\/\/mediagroup.mx\/index.php\/wp-json\/wp\/v2\/categories?post=51984"},{"taxonomy":"post_tag","embeddable":true,"href":"https:\/\/mediagroup.mx\/index.php\/wp-json\/wp\/v2\/tags?post=51984"}],"curies":[{"name":"wp","href":"https:\/\/api.w.org\/{rel}","templated":true}]}}