{"id":51988,"date":"2024-01-22T12:38:21","date_gmt":"2024-01-22T18:38:21","guid":{"rendered":"https:\/\/mediagroup.mx\/?p=51988"},"modified":"2024-01-22T12:38:21","modified_gmt":"2024-01-22T18:38:21","slug":"editorial-linea-fina","status":"publish","type":"post","link":"https:\/\/mediagroup.mx\/index.php\/2024\/01\/22\/editorial-linea-fina\/","title":{"rendered":"#Editorial: L\u00ednea Fina"},"content":{"rendered":"<p><strong>Morelia, Michoac\u00e1n.-<\/strong> El gobernador del estado, Alfredo Ram\u00edrez Bedolla, sigue sumando desaciertos pol\u00edticos que lo dejan muy mal parado con la candidata a la Presidencia de la Rep\u00fablica por MORENA, Claudia Sheinbaum Pardo.<\/p>\n<p>El m\u00e1s reciente, su ausencia en el Consejo Nacional de MORENA del pasado domingo donde se entreg\u00f3 la constancia como candidata presidencial a la Doctora Sheinbaum. El anterior, su viaje a Europa justo cuando la precandidata visitaba el estado de Michoac\u00e1n.<\/p>\n<p>Dicen -los que saben- que en el equipo cercano de la candidata ya \u201ctomaron nota\u201d de las actitudes del gobernador de Michoac\u00e1n. De cualquier forma, habr\u00eda que esperar a la definici\u00f3n de las candidaturas de las diputaciones federales y locales, as\u00ed como de las presidencias municipales, para saber qu\u00e9 nuevo desacierto comete.<\/p>\n","protected":false},"excerpt":{"rendered":"<p>Morelia, Michoac\u00e1n.- El gobernador del estado, Alfredo Ram\u00edrez Bedolla, sigue sumando desaciertos pol\u00edticos que lo dejan muy mal parado con la candidata a la Presidencia de la Rep\u00fablica por MORENA, Claudia Sheinbaum Pardo. El m\u00e1s reciente, su ausencia en el Consejo Nacional de MORENA del pasado domingo donde se entreg\u00f3 la constancia como candidata presidencial [&hellip;]<\/p>\n","protected":false},"author":1,"featured_media":51989,"comment_status":"open","ping_status":"open","sticky":false,"template":"","format":"standard","meta":{"om_disable_all_campaigns":false,"_monsterinsights_skip_tracking":false,"_monsterinsights_sitenote_active":false,"_monsterinsights_sitenote_note":"","_monsterinsights_sitenote_category":0,"_uf_show_specific_survey":0,"_uf_disable_surveys":false,"_jetpack_memberships_contains_paid_content":false,"footnotes":"","jetpack_publicize_message":"","jetpack_publicize_feature_enabled":true,"jetpack_social_post_already_shared":true,"jetpack_social_options":{"image_generator_settings":{"template":"highway","default_image_id":0,"enabled":false},"version":2}},"categories":[15],"tags":[],"class_list":{"0":"post-51988","1":"post","2":"type-post","3":"status-publish","4":"format-standard","5":"has-post-thumbnail","7":"category-michoacan"},"aioseo_notices":[],"jetpack_publicize_connections":[],"jetpack_featured_media_url":"https:\/\/mediagroup.mx\/wp-content\/uploads\/2024\/01\/Sheinbaum-Morena-Gobernadores.jpeg","jetpack_sharing_enabled":true,"_links":{"self":[{"href":"https:\/\/mediagroup.mx\/index.php\/wp-json\/wp\/v2\/posts\/51988","targetHints":{"allow":["GET"]}}],"collection":[{"href":"https:\/\/mediagroup.mx\/index.php\/wp-json\/wp\/v2\/posts"}],"about":[{"href":"https:\/\/mediagroup.mx\/index.php\/wp-json\/wp\/v2\/types\/post"}],"author":[{"embeddable":true,"href":"https:\/\/mediagroup.mx\/index.php\/wp-json\/wp\/v2\/users\/1"}],"replies":[{"embeddable":true,"href":"https:\/\/mediagroup.mx\/index.php\/wp-json\/wp\/v2\/comments?post=51988"}],"version-history":[{"count":1,"href":"https:\/\/mediagroup.mx\/index.php\/wp-json\/wp\/v2\/posts\/51988\/revisions"}],"predecessor-version":[{"id":51990,"href":"https:\/\/mediagroup.mx\/index.php\/wp-json\/wp\/v2\/posts\/51988\/revisions\/51990"}],"wp:featuredmedia":[{"embeddable":true,"href":"https:\/\/mediagroup.mx\/index.php\/wp-json\/wp\/v2\/media\/51989"}],"wp:attachment":[{"href":"https:\/\/mediagroup.mx\/index.php\/wp-json\/wp\/v2\/media?parent=51988"}],"wp:term":[{"taxonomy":"category","embeddable":true,"href":"https:\/\/mediagroup.mx\/index.php\/wp-json\/wp\/v2\/categories?post=51988"},{"taxonomy":"post_tag","embeddable":true,"href":"https:\/\/mediagroup.mx\/index.php\/wp-json\/wp\/v2\/tags?post=51988"}],"curies":[{"name":"wp","href":"https:\/\/api.w.org\/{rel}","templated":true}]}}