{"id":52040,"date":"2024-01-25T14:33:22","date_gmt":"2024-01-25T20:33:22","guid":{"rendered":"https:\/\/mediagroup.mx\/?p=52040"},"modified":"2024-01-25T14:33:22","modified_gmt":"2024-01-25T20:33:22","slug":"israel-mato-a-20-civiles-en-espera-de-ayuda-humanitaria-en-gaza-hamas","status":"publish","type":"post","link":"https:\/\/mediagroup.mx\/index.php\/2024\/01\/25\/israel-mato-a-20-civiles-en-espera-de-ayuda-humanitaria-en-gaza-hamas\/","title":{"rendered":"Israel mat\u00f3 a 20 civiles en espera de ayuda humanitaria en Gaza: Hamas"},"content":{"rendered":"<p style=\"text-align: justify;\">El movimiento islamita Hamas acus\u00f3 el jueves al ej\u00e9rcito israel\u00ed de haber matado a 20 civiles que aguardaban ayuda humanitaria en la franja de Gaza, al d\u00eda siguiente de un ataque contra un centro de desplazados en el sur de ese territorio palestino.<\/p>\n<p style=\"text-align: justify;\">\u00abLa ocupaci\u00f3n israel\u00ed cometi\u00f3 una nueva masacre contra miles de bocas hambrientas que estaban esperando ayuda humanitaria en la rotonda de Kuwait\u00bb en Ciudad de Gaza causando \u00ab20 m\u00e1rtires y 150 heridos\u00bb, afirm\u00f3 el portavoz del ministerio de Salud de Hamas, Ashraf al Qudra.<\/p>\n<p style=\"text-align: justify;\">La Yihad Isl\u00e1mica, otro movimiento armado palestino, asegur\u00f3 que se usaron \u00abproyectiles de artiller\u00eda y misiles\u00bb en el ataque.<\/p>\n<p style=\"text-align: justify;\">La AFP no pudo verificar esta afirmaci\u00f3n de manera independiente y el ej\u00e9rcito israel\u00ed no respondi\u00f3 de inmediato a las preguntas de la agencia.<\/p>\n<p style=\"text-align: justify;\">Varios testigos afirmaron a la AFP que el ej\u00e9rcito israel\u00ed les dispar\u00f3. Periodistas de la AFP vieron llegar a varias ambulancias al hospital Al Sifa de Ciudad de Gaza, en el norte del estrecho territorio.<\/p>\n<p style=\"text-align: justify;\">En el sur, otro periodista de la AFP inform\u00f3 de que los bombardeos contra Jan Yunis eran incesantes desde el jueves.<\/p>\n<p style=\"text-align: justify;\">El ej\u00e9rcito israel\u00ed afirm\u00f3 haber \u00abrodeado\u00bb la ciudad, donde naci\u00f3 el l\u00edder de Hamas en Gaza, Yahya Sinwar, e inst\u00f3 a la poblaci\u00f3n a partir hacia Rafah, m\u00e1s al sur.<\/p>\n<p style=\"text-align: justify;\">Israel considera a Sinwar como uno de los art\u00edfices del ataque de Hamas el 7 de octubre contra su suelo, que desat\u00f3 la ofensiva militar en la franja.<\/p>\n<p style=\"text-align: justify;\"><strong>\u00abViolaci\u00f3n flagrante\u00bb\u00a0<\/strong><\/p>\n<p style=\"text-align: justify;\">\u00abNo s\u00e9 adonde voy\u00bb, dijo Musa Abu Yusef, quien decidi\u00f3 huir cuando vio tanques dispando cerca suyo. \u00abNo agarr\u00e9 nada, ni cobija, ni tienda, nada\u00bb, a\u00f1adi\u00f3.<\/p>\n<p style=\"text-align: justify;\">Huir hacia Rafah, donde se encuentran la mayor\u00eda de los 1.7 millones de gazat\u00edes desplazados, supone un peligro debido a los incesantes combates.<\/p>\n<p style=\"text-align: justify;\">El mi\u00e9rcoles, disparos de tanques contra un edificio de la agencia de la ONU para los refugiados palestinos, la UNRWA, en Jan Yunis dejaron al menos \u00ab12 muertos y 75 heridos, 15 de ellos de gravedad\u00bb, seg\u00fan indic\u00f3 el jueves Thomas White, responsable de la organizaci\u00f3n en Gaza.<\/p>\n<p style=\"text-align: justify;\">Israel exigi\u00f3 el jueves evacuar este centro que acoge a miles de palestinos que huyen de los combates y dio plazo \u00abhasta las 17 horas\u00bb (15\u00a0horas GMT) del viernes\u00bb, inform\u00f3 la ONU a la AFP.<\/p>\n<p style=\"text-align: justify;\">Philippe Lazzarini, jefe de la UNRWA, denunci\u00f3 que el ataque constitu\u00eda \u00abuna violaci\u00f3n flagrante de las reglas fundamentales de la guerra\u00bb.<\/p>\n<p style=\"text-align: justify;\">Desde la capital de Angola, donde se encontraba en viaje oficial, el jefe de la diplomacia estadounidense, Antony Blinken, volvi\u00f3 a pedir a Israel que evite matar a civiles y declar\u00f3 que el edificio \u00abdeb\u00eda ser protegido\u00bb.<\/p>\n<p style=\"text-align: justify;\">El ej\u00e9rcito israel\u00ed indic\u00f3 a la AFP que estaba en curso un \u00abexamen\u00bb de las operaciones y evoc\u00f3 \u00abla posibilidad\u00bb de un disparo de Hamas.<\/p>\n<p style=\"text-align: justify;\">La guerra estall\u00f3 el 7 de octubre con la incursi\u00f3n de comandos islamistas que causaron unos 1.140 muertos en Israel, en su mayor\u00eda civiles, seg\u00fan un balance de la AFP a partir de datos oficiales israel\u00edes.<\/p>\n<p style=\"text-align: justify;\">Unas 250 personas fueron adem\u00e1s secuestradas y llevadas a Gaza. Seg\u00fan un recuento, 132 permanecen cautivas, de los cuales se estima que 28 murieron.<\/p>\n<p style=\"text-align: justify;\">La ofensiva lanzada por Israel dej\u00f3 de momento 25.900 muertos, en su mayor\u00eda mujeres, ni\u00f1os y menores, de acuerdo con el ministerio de Salud de la franja de Gaza, gobernada por el movimiento islamista desde 2007.<\/p>\n<p style=\"text-align: justify;\"><strong>Cr\u00edticas al mediador catar\u00ed<\/strong><\/p>\n<p style=\"text-align: justify;\">El primer ministro israel\u00ed, Benjamin Netanyahu, reafirm\u00f3 su voluntad de continuar la guerra hasta eliminar a Hamas. \u00abHamas vino para aniquilarnos, los aniquilaremos\u00bb, prometi\u00f3.<\/p>\n<p style=\"text-align: justify;\">\u00abEstamos agotados. \u00a1Paren! Ambas partes deben parar. Es demasiado\u00bb, lament\u00f3 Latifa Abu Rezk, que acudi\u00f3 a un hospital de Rafah a llorar los restos de un familiar.<\/p>\n<p style=\"text-align: justify;\">Catar, Egipto y Estados Unidos intentan mediar una nueva tregua en Gaza, m\u00e1s duradera y que incluya la liberaci\u00f3n de rehenes y prisioneros.<\/p>\n<p style=\"text-align: justify;\">Pero en una grabaci\u00f3n obtenida por la cadena israel\u00ed 12, Netanyahu consider\u00f3 \u00abproblem\u00e1tico\u00bb el papel de mediador de Catar, que acoge a la direcci\u00f3n pol\u00edtica de Hamas y concedi\u00f3 cientos de millones de d\u00f3lares de ayuda a la poblaci\u00f3n de Gaza estos \u00faltimos a\u00f1os.<\/p>\n<p style=\"text-align: justify;\">\u00abTienen los medios para presionar [a Hamas] \u00bfPor qu\u00e9? Porque los financian\u00bb, afirm\u00f3 en hebreo.<\/p>\n<p style=\"text-align: justify;\">Catar juzg\u00f3 que las declaraciones eran \u00abirresponsables y destructivas\u00bb, sobre todo respecto a los esfuerzos para \u00absalvar vidas inocentes\u00bb.<\/p>\n<p>Con informaci\u00f3n de: La Jornada<\/p>\n","protected":false},"excerpt":{"rendered":"<p>El movimiento islamita Hamas acus\u00f3 el jueves al ej\u00e9rcito israel\u00ed de haber matado a 20 civiles que aguardaban ayuda humanitaria en la franja de Gaza, al d\u00eda siguiente de un ataque contra un centro de desplazados en el sur de ese territorio palestino. \u00abLa ocupaci\u00f3n israel\u00ed cometi\u00f3 una nueva masacre contra miles de bocas hambrientas [&hellip;]<\/p>\n","protected":false},"author":2,"featured_media":52041,"comment_status":"open","ping_status":"open","sticky":false,"template":"","format":"standard","meta":{"om_disable_all_campaigns":false,"_monsterinsights_skip_tracking":false,"_monsterinsights_sitenote_active":false,"_monsterinsights_sitenote_note":"","_monsterinsights_sitenote_category":0,"_uf_show_specific_survey":0,"_uf_disable_surveys":false,"_jetpack_memberships_contains_paid_content":false,"footnotes":"","jetpack_publicize_message":"","jetpack_publicize_feature_enabled":true,"jetpack_social_post_already_shared":true,"jetpack_social_options":{"image_generator_settings":{"template":"highway","default_image_id":0,"enabled":false},"version":2}},"categories":[18],"tags":[],"class_list":{"0":"post-52040","1":"post","2":"type-post","3":"status-publish","4":"format-standard","5":"has-post-thumbnail","7":"category-internacional"},"aioseo_notices":[],"jetpack_publicize_connections":[],"jetpack_featured_media_url":"https:\/\/mediagroup.mx\/wp-content\/uploads\/2024\/01\/Captura-de-pantalla-2024-01-25-a-las-14.31.56.png","jetpack_sharing_enabled":true,"_links":{"self":[{"href":"https:\/\/mediagroup.mx\/index.php\/wp-json\/wp\/v2\/posts\/52040","targetHints":{"allow":["GET"]}}],"collection":[{"href":"https:\/\/mediagroup.mx\/index.php\/wp-json\/wp\/v2\/posts"}],"about":[{"href":"https:\/\/mediagroup.mx\/index.php\/wp-json\/wp\/v2\/types\/post"}],"author":[{"embeddable":true,"href":"https:\/\/mediagroup.mx\/index.php\/wp-json\/wp\/v2\/users\/2"}],"replies":[{"embeddable":true,"href":"https:\/\/mediagroup.mx\/index.php\/wp-json\/wp\/v2\/comments?post=52040"}],"version-history":[{"count":1,"href":"https:\/\/mediagroup.mx\/index.php\/wp-json\/wp\/v2\/posts\/52040\/revisions"}],"predecessor-version":[{"id":52042,"href":"https:\/\/mediagroup.mx\/index.php\/wp-json\/wp\/v2\/posts\/52040\/revisions\/52042"}],"wp:featuredmedia":[{"embeddable":true,"href":"https:\/\/mediagroup.mx\/index.php\/wp-json\/wp\/v2\/media\/52041"}],"wp:attachment":[{"href":"https:\/\/mediagroup.mx\/index.php\/wp-json\/wp\/v2\/media?parent=52040"}],"wp:term":[{"taxonomy":"category","embeddable":true,"href":"https:\/\/mediagroup.mx\/index.php\/wp-json\/wp\/v2\/categories?post=52040"},{"taxonomy":"post_tag","embeddable":true,"href":"https:\/\/mediagroup.mx\/index.php\/wp-json\/wp\/v2\/tags?post=52040"}],"curies":[{"name":"wp","href":"https:\/\/api.w.org\/{rel}","templated":true}]}}