{"id":52043,"date":"2024-01-25T14:36:06","date_gmt":"2024-01-25T20:36:06","guid":{"rendered":"https:\/\/mediagroup.mx\/?p=52043"},"modified":"2024-01-25T14:36:06","modified_gmt":"2024-01-25T20:36:06","slug":"masivo-paro-en-argentina-contra-plan-de-shock-de-milei","status":"publish","type":"post","link":"https:\/\/mediagroup.mx\/index.php\/2024\/01\/25\/masivo-paro-en-argentina-contra-plan-de-shock-de-milei\/","title":{"rendered":"Masivo paro en Argentina contra plan de shock de Milei"},"content":{"rendered":"<p class=\"s-s\" style=\"text-align: justify;\">En una movilizaci\u00f3n multitudinaria en esta capital, que se replic\u00f3 en el resto del pa\u00eds, al comenzar el paro general de 12 horas ayer al mediod\u00eda, con la adhesi\u00f3n de diversos sectores de la sociedad que respondieron a la convocatoria de la Confederaci\u00f3n General del Trabajo (CGT), las dos Centrales de Trabajadores Argentinos (CTA), gremios, organizaciones sociales, pol\u00edticas y otros, los dirigentes sindicales H\u00e9ctor Daer y Pablo Moyano pidieron a diputados y senadores no aprobar el decreto de necesidad y urgencia (DNU) y la\u00a0<em>ley \u00f3mnibus<\/em>, que derogan y modifican m\u00e1s de mil leyes constitucionales, que de manera ilegal impulsa el gobierno del presidente ultraderechista Javier Milei.<\/p>\n<p style=\"text-align: justify;\">M\u00e1s de un mill\u00f3n 500 mil personas marcharon ayer en Argentina, y el cosecretario general de la CGT, H\u00e9ctor Daer, al hablar ante la multitud, reclam\u00f3 a los diputados nacionales que\u00a0<q>no act\u00faen agazapados en la oscuridad, miren al pueblo a la cara<\/q>, y advirti\u00f3 que desde la central obrera\u00a0<q>vamos a seguir la lucha y no vamos a dar un paso atr\u00e1s hasta que caigan<\/q>\u00a0esas medidas.<\/p>\n<p style=\"text-align: justify;\">Estim\u00f3 que esas propuestas\u00a0<q>destruyen los derechos individuales de los trabajadores, los derechos colectivos, los sindicatos y la libertad de acci\u00f3n sindical<\/q>, y record\u00f3 que hab\u00edan advertido sobre esta situaci\u00f3n antes de las elecciones\u00a0<q>y ahora el gobierno apunta a todo lo popular<\/q>.<\/p>\n<p style=\"text-align: justify;\">Adem\u00e1s de la CGT, las CTA y todos los sindicatos y organizaciones obreras del pa\u00eds, Madres y Abuelas de Plaza de Mayo, tambi\u00e9n marcharon\u00a0<q>los cient\u00edficos, la cultura, el deporte, los inquilinos, los jubilados, los socialistas, los de izquierda, los peronistas y los pol\u00edticos de la Uni\u00f3n C\u00edvica Radical (UCR, que no olvidan a los ex presidentes Hip\u00f3lito Yrigoyen (1916-1922 y 1928-1930), ni a Ra\u00fal Alfons\u00edn (1983-1989)<\/q>.<\/p>\n<p style=\"text-align: justify;\">Entre otros conceptos, Daer dijo que los gobernantes\u00a0<q>vienen por la ciencia y no les importa regalar las empresas que son fruto de los cient\u00edficos argentinos; no les importa la educaci\u00f3n; no les importan los compa\u00f1eros del empleo p\u00fablico ni los docentes<\/q>.<\/p>\n<p style=\"text-align: justify;\">Agradeci\u00f3 el acompa\u00f1amiento de centrales sindicales internacionales, y a los argentinos en el exterior que se manifestaron en varios pa\u00edses, incluido M\u00e9xico. \u201cVamos a seguir la lucha hasta que lleguemos al \u00e9xito, hasta que caigan el DNU y la\u00a0<em>ley \u00f3mnibus<\/em>; no vamos a dar un paso atr\u00e1s. Viva el pueblo argentino, viva el movimiento obrero, la patria no se vende\u201d, concluy\u00f3 Daer.<\/p>\n<p style=\"text-align: justify;\">A su vez, Pablo Moyano inst\u00f3 a los diputados a\u00a0<q>no traicionar a los trabajadores<\/q>\u00a0y les sugiri\u00f3\u00a0<q>que digan p\u00fablicamente si est\u00e1n con los trabajadores o con las corporaciones y el modelo econ\u00f3mico que lleva adelante el presidente Milei<\/q>, al recordar que el DNU est\u00e1 en contra de los trabajadores y la soberan\u00eda nacional, y que\u00a0<q>no se pueden privatizar las empresas del Estado como Aerol\u00edneas Argentinas, T\u00e9lam, Banco Naci\u00f3n, Radio Nacional. Van a dejar a millones en la calle y se las van a entregar a sus amigos<\/q>.<\/p>\n<p style=\"text-align: justify;\">Alent\u00f3 a los peronistas a cumplir con los principios partidarios, y a la multitud con la frase:\u00a0<q>la patria no se vende, la patria se defiende<\/q>, y advirti\u00f3 al ministro de Econom\u00eda, Luis Caputo:\u00a0<q>si sigue con estas medidas, los trabajadores lo van a llevar en andas, pero para tirarlo al Riachuelo<\/q>, refiri\u00e9ndose al r\u00edo que marca el l\u00edmite sur de Buenos Aires.<\/p>\n<p style=\"text-align: justify;\">Moyano hizo alusi\u00f3n a Milei, que asumi\u00f3 el pasado 10 de diciembre y hab\u00eda dicho que, si la inflaci\u00f3n en enero resultaba menor a 30 por ciento, hab\u00eda que\u00a0<q>sacar a pasear en andas<\/q>\u00a0a Caputo, quien ahora demand\u00f3 que\u00a0<q>la justicia tome cartas en el asunto<\/q>, por el comentario del sindicalista.<\/p>\n<p style=\"text-align: justify;\">Es destacable la disciplina con que transcurri\u00f3 la marcha, a pesar de las provocaciones t\u00edpicas de la ministra de Seguridad, Patricia Bullrich, quien satur\u00f3 de polic\u00edas el lugar del acto, y de gendarmes las rutas. Miles de vecinos y asamble\u00edstas marcharon desde temprano con banderas argentinas, desde todos los puntos de la ciudad, colmando calles y avenidas, y se apostaron frente al Congreso, llenando la plaza, antes de que arribaran las columnas sindicales, mientras gran cantidad de comerciantes cerraron en solidaridad con el paro.<\/p>\n<p style=\"text-align: justify;\">La marcha fue pac\u00edfica en todo momento, pero cuando de repente lleg\u00f3 la infanter\u00eda, comenzaron a empujar a los manifestantes con los escudos, pero muy r\u00e1pido los dirigentes hablaron con los jefes policiales y tranquilizaron a todos. El gobernador de la provincia de Buenos Aires, Axel Kicillof, march\u00f3 como un ciudadano m\u00e1s, al igual que otros ex ministros del Frente de Todos. Muchos manifestantes se quedaron hasta la noche rodeados siempre por un despliegue policial inaudito.<\/p>\n<p style=\"text-align: justify;\">Otros miles de manifestantes se congregaron en Corrientes, Rosario, C\u00f3rdoba, Mendoza, Tucum\u00e1n y Mar del Plata, entre otros puntos.<\/p>\n<p style=\"text-align: justify;\">En medio del multitudinario acto se conoci\u00f3 que la jueza laboral de Feria, Liliana Rodr\u00edguez Fern\u00e1ndez, declar\u00f3 la invalidez de seis art\u00edculos del DNU, de desregulaci\u00f3n econ\u00f3mica, dando\u00a0<q>parcialmente lugar a la acci\u00f3n de amparo<\/q>\u00a0de la CGT contra el Estado. Esto signific\u00f3 otro golpe de la justicia al proyecto del gobierno, considerando que esos art\u00edculos afectan\u00a0<q>de modo directo<\/q>\u00a0los intereses de la CGT por perjudicar derechos colectivos de los trabajadores.<\/p>\n<p style=\"text-align: justify;\">La madrugada de ayer, en medio de amenazas cada vez m\u00e1s duras contra los gobernadores de las provincias y los diputados opositores, el oficialismo logr\u00f3 que se firmara un dictamen de mayor\u00eda apoyado por la oposici\u00f3n\u00a0<q>dialoguista<\/q>, sin ocultar la cantidad de reuniones secretas entre legisladores y funcionarios del gobierno para\u00a0<q>convencerlos<\/q>\u00a0de signar el dictamen.<\/p>\n<p style=\"text-align: justify;\">Incluso firmaron algunos diputados de la UCR que tiene su bloque fuera de Juntos por el Cambio, pero divididos internamente de los hist\u00f3ricos militantes de ese partido centenario, que no se prestan a esto. De esta manera obtuvieron 51 votos, de los cuales 34 de los que apoyaron el dictamen gubernamental est\u00e1n divididos porque cuestionan muchos de los art\u00edculos del DNU y la\u00a0<em>ley \u00f3mnibus<\/em>\u00a0enviados por el gobierno.<\/p>\n<p style=\"text-align: justify;\">Lo m\u00e1s grave es que en ese dictamen le dar\u00edan todo el poder a Milei por un a\u00f1o (ped\u00eda dos de suspensi\u00f3n del Congreso), pero entonces en un mes ya podr\u00eda gobernar con base en decretos, con lo que aplicar\u00eda en forma directa todo lo que hoy se est\u00e1 discutiendo.<\/p>\n<div id=\"article-content-tts\" class=\"nota-contenido mb-5\" style=\"text-align: justify;\">\n<div id=\"content_nitf\">\n<p>Lo m\u00e1s lamentable es que tres diputados de la opositora y peronista Uni\u00f3n por la Patria, de la provincia de Tucum\u00e1n, firmaron el dictamen, mientras el ministro Caputo amenaz\u00f3 en forma directa con no enviar el dinero que se debe a las provincias, en una evidente extorsi\u00f3n. El pr\u00f3ximo martes se debatir\u00e1 todo en el pleno.<\/p>\n<p>Entre los funcionarios de Milei que se refirieron a la movilizaci\u00f3n, la canciller, Diana Mondino, public\u00f3 en la red social X que\u00a0<q>el paro no tiene justificaci\u00f3n; convocado por la oligarqu\u00eda de millonarios con autos blindados y chofer<\/q>.<\/p>\n<p>A esta declaraci\u00f3n se sum\u00f3 el ministro Caputo, en la misma red social, donde sentenci\u00f3:\u00a0<q>estamos frente a un paro pol\u00edtico por tocarles privilegios<\/q>.<\/p>\n<\/div>\n<\/div>\n<div class=\"notas-relacionadas\" style=\"text-align: justify;\">Con informaci\u00f3n de: La Jornada<\/div>\n","protected":false},"excerpt":{"rendered":"<p>En una movilizaci\u00f3n multitudinaria en esta capital, que se replic\u00f3 en el resto del pa\u00eds, al comenzar el paro general de 12 horas ayer al mediod\u00eda, con la adhesi\u00f3n de diversos sectores de la sociedad que respondieron a la convocatoria de la Confederaci\u00f3n General del Trabajo (CGT), las dos Centrales de Trabajadores Argentinos (CTA), gremios, [&hellip;]<\/p>\n","protected":false},"author":2,"featured_media":52044,"comment_status":"open","ping_status":"open","sticky":false,"template":"","format":"standard","meta":{"om_disable_all_campaigns":false,"_monsterinsights_skip_tracking":false,"_monsterinsights_sitenote_active":false,"_monsterinsights_sitenote_note":"","_monsterinsights_sitenote_category":0,"_uf_show_specific_survey":0,"_uf_disable_surveys":false,"_jetpack_memberships_contains_paid_content":false,"footnotes":"","jetpack_publicize_message":"","jetpack_publicize_feature_enabled":true,"jetpack_social_post_already_shared":true,"jetpack_social_options":{"image_generator_settings":{"template":"highway","default_image_id":0,"enabled":false},"version":2}},"categories":[18],"tags":[],"class_list":{"0":"post-52043","1":"post","2":"type-post","3":"status-publish","4":"format-standard","5":"has-post-thumbnail","7":"category-internacional"},"aioseo_notices":[],"jetpack_publicize_connections":[],"jetpack_featured_media_url":"https:\/\/mediagroup.mx\/wp-content\/uploads\/2024\/01\/Captura-de-pantalla-2024-01-25-a-las-14.34.17.png","jetpack_sharing_enabled":true,"_links":{"self":[{"href":"https:\/\/mediagroup.mx\/index.php\/wp-json\/wp\/v2\/posts\/52043","targetHints":{"allow":["GET"]}}],"collection":[{"href":"https:\/\/mediagroup.mx\/index.php\/wp-json\/wp\/v2\/posts"}],"about":[{"href":"https:\/\/mediagroup.mx\/index.php\/wp-json\/wp\/v2\/types\/post"}],"author":[{"embeddable":true,"href":"https:\/\/mediagroup.mx\/index.php\/wp-json\/wp\/v2\/users\/2"}],"replies":[{"embeddable":true,"href":"https:\/\/mediagroup.mx\/index.php\/wp-json\/wp\/v2\/comments?post=52043"}],"version-history":[{"count":1,"href":"https:\/\/mediagroup.mx\/index.php\/wp-json\/wp\/v2\/posts\/52043\/revisions"}],"predecessor-version":[{"id":52045,"href":"https:\/\/mediagroup.mx\/index.php\/wp-json\/wp\/v2\/posts\/52043\/revisions\/52045"}],"wp:featuredmedia":[{"embeddable":true,"href":"https:\/\/mediagroup.mx\/index.php\/wp-json\/wp\/v2\/media\/52044"}],"wp:attachment":[{"href":"https:\/\/mediagroup.mx\/index.php\/wp-json\/wp\/v2\/media?parent=52043"}],"wp:term":[{"taxonomy":"category","embeddable":true,"href":"https:\/\/mediagroup.mx\/index.php\/wp-json\/wp\/v2\/categories?post=52043"},{"taxonomy":"post_tag","embeddable":true,"href":"https:\/\/mediagroup.mx\/index.php\/wp-json\/wp\/v2\/tags?post=52043"}],"curies":[{"name":"wp","href":"https:\/\/api.w.org\/{rel}","templated":true}]}}