{"id":52105,"date":"2024-01-17T20:40:33","date_gmt":"2024-01-18T02:40:33","guid":{"rendered":"https:\/\/mediagroup.mx\/?p=52105"},"modified":"2024-01-31T07:41:36","modified_gmt":"2024-01-31T13:41:36","slug":"atencion-publica-a-la-salud-mental-debe-reforzarse-en-michoacan-andrea-villanueva","status":"publish","type":"post","link":"https:\/\/mediagroup.mx\/index.php\/2024\/01\/17\/atencion-publica-a-la-salud-mental-debe-reforzarse-en-michoacan-andrea-villanueva\/","title":{"rendered":"Atenci\u00f3n p\u00fablica a la salud mental debe reforzarse en Michoac\u00e1n: Andrea Villanueva"},"content":{"rendered":"<p><strong>Morelia, Michoac\u00e1n.-<\/strong> La atenci\u00f3n p\u00fablica a la salud mental necesita reforzarse en toda la entidad, asegur\u00f3 la diputada del Distrito 11 de Morelia Andrea Villanueva Cano al reconocer que para el ejercicio presupuestal de este 2024, Michoac\u00e1n deber\u00e1 garantizar la atenci\u00f3n oportuna en todos los hospitales.<\/p>\n<p>Y es que de acuerdo a las cifras presentadas en distintos medios, en el marco del D\u00eda Mundial de la Lucha contra la Depresi\u00f3n, Michoac\u00e1n se posiciona en las primeras entidades del pa\u00eds con mayor n\u00famero de casos de personas con depresi\u00f3n, un padecimiento que de no atenderse oportunamente, deriva en intentos de suicidio o en la consumaci\u00f3n de \u00e9stos.<\/p>\n<p>\u201cDurante mis recorridos por las colonias del Distrito 11 sigo encontrando principalmente casos de mujeres y j\u00f3venes con cuadros de depresi\u00f3n, ansiedad y enfermedades mentales, quienes manifiestan no encontrar el apoyo necesario ni en consultas ni con medicamentos en las instituciones p\u00fablicas, para la atenci\u00f3n integral de sus trastornos mentales\u201d, lament\u00f3 la diputada.<\/p>\n<p>Adicional a ello, Villanueva Cano expuso la falta de apoyo de muchos familiares y de muchos centros laborales que invalidan las emociones o las situaciones de estr\u00e9s que viven los enfermos, empeorando a\u00fan m\u00e1s sus condiciones y orill\u00e1ndolos a caer incluso en adicciones o en acciones destructivas para s\u00ed mismo.<\/p>\n<p>Por lo anterior, Andrea Villanueva hizo un atento llamado a los centros de salud p\u00fablica a brindar acompa\u00f1amiento y orientaci\u00f3n para todas aquellas personas que detecten con alg\u00fan s\u00edntoma de depresi\u00f3n, ansiedad o estr\u00e9s que ya afecte su salud mental y por ende, su calidad de vida.<\/p>\n<p>Finalmente, invit\u00f3 a los familiares de aquellas personas que transitan por alg\u00fan cuadro de depresi\u00f3n o ansiedad, a pedir orientaci\u00f3n y ayuda para que juntos, atiendan estos padecimientos y garanticen un mejor presente y futuro para todos.<\/p>\n","protected":false},"excerpt":{"rendered":"<p>Morelia, Michoac\u00e1n.- La atenci\u00f3n p\u00fablica a la salud mental necesita reforzarse en toda la entidad, asegur\u00f3 la diputada del Distrito 11 de Morelia Andrea Villanueva Cano al reconocer que para el ejercicio presupuestal de este 2024, Michoac\u00e1n deber\u00e1 garantizar la atenci\u00f3n oportuna en todos los hospitales. Y es que de acuerdo a las cifras presentadas [&hellip;]<\/p>\n","protected":false},"author":1,"featured_media":52106,"comment_status":"open","ping_status":"open","sticky":false,"template":"","format":"standard","meta":{"om_disable_all_campaigns":false,"_monsterinsights_skip_tracking":false,"_monsterinsights_sitenote_active":false,"_monsterinsights_sitenote_note":"","_monsterinsights_sitenote_category":0,"_uf_show_specific_survey":0,"_uf_disable_surveys":false,"_jetpack_memberships_contains_paid_content":false,"footnotes":"","jetpack_publicize_message":"","jetpack_publicize_feature_enabled":true,"jetpack_social_post_already_shared":true,"jetpack_social_options":{"image_generator_settings":{"template":"highway","default_image_id":0,"enabled":false},"version":2}},"categories":[15],"tags":[],"class_list":{"0":"post-52105","1":"post","2":"type-post","3":"status-publish","4":"format-standard","5":"has-post-thumbnail","7":"category-michoacan"},"aioseo_notices":[],"jetpack_publicize_connections":[],"jetpack_featured_media_url":"https:\/\/mediagroup.mx\/wp-content\/uploads\/2024\/01\/Atencion-Publica-Villanueva-PAN.jpeg","jetpack_sharing_enabled":true,"_links":{"self":[{"href":"https:\/\/mediagroup.mx\/index.php\/wp-json\/wp\/v2\/posts\/52105","targetHints":{"allow":["GET"]}}],"collection":[{"href":"https:\/\/mediagroup.mx\/index.php\/wp-json\/wp\/v2\/posts"}],"about":[{"href":"https:\/\/mediagroup.mx\/index.php\/wp-json\/wp\/v2\/types\/post"}],"author":[{"embeddable":true,"href":"https:\/\/mediagroup.mx\/index.php\/wp-json\/wp\/v2\/users\/1"}],"replies":[{"embeddable":true,"href":"https:\/\/mediagroup.mx\/index.php\/wp-json\/wp\/v2\/comments?post=52105"}],"version-history":[{"count":1,"href":"https:\/\/mediagroup.mx\/index.php\/wp-json\/wp\/v2\/posts\/52105\/revisions"}],"predecessor-version":[{"id":52107,"href":"https:\/\/mediagroup.mx\/index.php\/wp-json\/wp\/v2\/posts\/52105\/revisions\/52107"}],"wp:featuredmedia":[{"embeddable":true,"href":"https:\/\/mediagroup.mx\/index.php\/wp-json\/wp\/v2\/media\/52106"}],"wp:attachment":[{"href":"https:\/\/mediagroup.mx\/index.php\/wp-json\/wp\/v2\/media?parent=52105"}],"wp:term":[{"taxonomy":"category","embeddable":true,"href":"https:\/\/mediagroup.mx\/index.php\/wp-json\/wp\/v2\/categories?post=52105"},{"taxonomy":"post_tag","embeddable":true,"href":"https:\/\/mediagroup.mx\/index.php\/wp-json\/wp\/v2\/tags?post=52105"}],"curies":[{"name":"wp","href":"https:\/\/api.w.org\/{rel}","templated":true}]}}