{"id":52114,"date":"2024-01-23T22:53:07","date_gmt":"2024-01-24T04:53:07","guid":{"rendered":"https:\/\/mediagroup.mx\/?p=52114"},"modified":"2024-01-31T07:55:20","modified_gmt":"2024-01-31T13:55:20","slug":"aplaude-legislativo-apertura-del-centro-de-atencion-al-espectro-autista","status":"publish","type":"post","link":"https:\/\/mediagroup.mx\/index.php\/2024\/01\/23\/aplaude-legislativo-apertura-del-centro-de-atencion-al-espectro-autista\/","title":{"rendered":"Aplaude Legislativo apertura del Centro de Atenci\u00f3n al Espectro Autista"},"content":{"rendered":"<p><strong>Morelia, Michoac\u00e1n.-<\/strong> La presidenta de la Mesa Directiva del Congreso del Estado, Laura Ivonne Pantoja Abascal, aplaudi\u00f3 la creaci\u00f3n del Centro de Atenci\u00f3n al Espectro Autista en Morelia, una obra de gran impacto para la atenci\u00f3n de ni\u00f1as y ni\u00f1os con este diagn\u00f3stico, que requieren de terapias especializadas.<\/p>\n<p>Al asistir al corte de list\u00f3n y develaci\u00f3n de la placa alusiva, a invitaci\u00f3n de las autoridades municipales de Morelia, la legisladora, acompa\u00f1ada de las y los diputados Adriana Hern\u00e1ndez \u00cd\u00f1iguez, M\u00f3nica Lariza P\u00e9rez Campos, Andrea Villanueva Cano, Alejandra Hern\u00e1ndez Morales, Mar\u00eda Guadalupe D\u00edaz Chagolla, Jes\u00fas Hern\u00e1ndez Pe\u00f1a y David Alejandro Cort\u00e9s Mendoza, destac\u00f3 la importancia de la creaci\u00f3n de dicho centro, que permitir\u00e1 cambiar la calidad de vida de las ni\u00f1as y los ni\u00f1os que ah\u00ed sean atendidos.<\/p>\n<p>Laura Ivonne Pantoja resalt\u00f3 el dise\u00f1o del edificio en el que se cuid\u00f3 cada detalle para atender a quienes han sido diagnosticados con el trastorno del espectro autista, por lo que felicit\u00f3 a las autoridades municipales , al considerar que dicha obra es sin\u00f3nimo de calidad y calidez e incluyente, objetivo que en el Congreso del Estado \u201chemos venido buscando e impulsando\u201d.<\/p>\n<p>Como Poder Legislativo, dijo, hacemos un reconocimiento a todo el gran equipo que estuvo detr\u00e1s de la creaci\u00f3n del Centro porque \u201cs\u00e9 que van a lograr grandes frutos, para que las ni\u00f1as y los ni\u00f1os brillen con luz propia; segura estoy que va a ser un \u00e9xito\u201d, comparti\u00f3.<\/p>\n<p>La legisladora michoacana resalt\u00f3 que dicho centro puede ser la punta de lanza que motive a otras presidencias municipales a replicar el modelo para la atenci\u00f3n de las ni\u00f1as y los ni\u00f1os que requieren la atenci\u00f3n especializada.<\/p>\n<p>Y ponderoso finalmente que la atenci\u00f3n en el centro p\u00fablico municipal dar\u00e1 prioridad a habitantes de Morelia, pero que su creaci\u00f3n motivar\u00e1 a m\u00e1s mun\u00edcipes, e incluso a diputados, para que repliquen este tipo de obras en beneficio de las ni\u00f1as y los ni\u00f1os michoacanos.<\/p>\n<p>Destac\u00f3 que en el municipio de Zamora se cuenta con un centro que lo maneja el Centro de Rehabilitaci\u00f3n Telet\u00f3n, por lo que hizo un llamado a que autoridades municipales y representantes de los diferentes distritos de la entidad, visiten el centro que hoy ya es una realidad en Morelia, para que lo conozcan a fin de impulsar acciones as\u00ed y para que \u201ctodos como ciudadanos ayudemos a que estas obras lleguen a m\u00e1s ni\u00f1as y ni\u00f1os\u201d.<\/p>\n<p>Durante el evento se dieron cita ex presidentes municipales, funcionarios de Morelia, miembros de los sectores empresariales, educativos y de la sociedad civil, directivos de los principales medios de comunicaci\u00f3n, as\u00ed como especialistas en el espectro autista a nivel nacional.<\/p>\n","protected":false},"excerpt":{"rendered":"<p>Morelia, Michoac\u00e1n.- La presidenta de la Mesa Directiva del Congreso del Estado, Laura Ivonne Pantoja Abascal, aplaudi\u00f3 la creaci\u00f3n del Centro de Atenci\u00f3n al Espectro Autista en Morelia, una obra de gran impacto para la atenci\u00f3n de ni\u00f1as y ni\u00f1os con este diagn\u00f3stico, que requieren de terapias especializadas. Al asistir al corte de list\u00f3n y [&hellip;]<\/p>\n","protected":false},"author":1,"featured_media":52115,"comment_status":"open","ping_status":"open","sticky":false,"template":"","format":"standard","meta":{"om_disable_all_campaigns":false,"_monsterinsights_skip_tracking":false,"_monsterinsights_sitenote_active":false,"_monsterinsights_sitenote_note":"","_monsterinsights_sitenote_category":0,"_uf_show_specific_survey":0,"_uf_disable_surveys":false,"_jetpack_memberships_contains_paid_content":false,"footnotes":"","jetpack_publicize_message":"","jetpack_publicize_feature_enabled":true,"jetpack_social_post_already_shared":true,"jetpack_social_options":{"image_generator_settings":{"template":"highway","default_image_id":0,"enabled":false},"version":2}},"categories":[15],"tags":[],"class_list":{"0":"post-52114","1":"post","2":"type-post","3":"status-publish","4":"format-standard","5":"has-post-thumbnail","7":"category-michoacan"},"aioseo_notices":[],"jetpack_publicize_connections":[],"jetpack_featured_media_url":"https:\/\/mediagroup.mx\/wp-content\/uploads\/2024\/01\/Centro-de-Atencion-Autismo-Morelia.jpeg","jetpack_sharing_enabled":true,"_links":{"self":[{"href":"https:\/\/mediagroup.mx\/index.php\/wp-json\/wp\/v2\/posts\/52114","targetHints":{"allow":["GET"]}}],"collection":[{"href":"https:\/\/mediagroup.mx\/index.php\/wp-json\/wp\/v2\/posts"}],"about":[{"href":"https:\/\/mediagroup.mx\/index.php\/wp-json\/wp\/v2\/types\/post"}],"author":[{"embeddable":true,"href":"https:\/\/mediagroup.mx\/index.php\/wp-json\/wp\/v2\/users\/1"}],"replies":[{"embeddable":true,"href":"https:\/\/mediagroup.mx\/index.php\/wp-json\/wp\/v2\/comments?post=52114"}],"version-history":[{"count":1,"href":"https:\/\/mediagroup.mx\/index.php\/wp-json\/wp\/v2\/posts\/52114\/revisions"}],"predecessor-version":[{"id":52116,"href":"https:\/\/mediagroup.mx\/index.php\/wp-json\/wp\/v2\/posts\/52114\/revisions\/52116"}],"wp:featuredmedia":[{"embeddable":true,"href":"https:\/\/mediagroup.mx\/index.php\/wp-json\/wp\/v2\/media\/52115"}],"wp:attachment":[{"href":"https:\/\/mediagroup.mx\/index.php\/wp-json\/wp\/v2\/media?parent=52114"}],"wp:term":[{"taxonomy":"category","embeddable":true,"href":"https:\/\/mediagroup.mx\/index.php\/wp-json\/wp\/v2\/categories?post=52114"},{"taxonomy":"post_tag","embeddable":true,"href":"https:\/\/mediagroup.mx\/index.php\/wp-json\/wp\/v2\/tags?post=52114"}],"curies":[{"name":"wp","href":"https:\/\/api.w.org\/{rel}","templated":true}]}}