{"id":52123,"date":"2024-01-22T22:59:40","date_gmt":"2024-01-23T04:59:40","guid":{"rendered":"https:\/\/mediagroup.mx\/?p=52123"},"modified":"2024-01-31T08:03:01","modified_gmt":"2024-01-31T14:03:01","slug":"30-de-enero-limite-para-entregar-propuestas-a-presea-primer-supremo-tribunal-de-justicia-para-la-america-mexicana-ario-1815","status":"publish","type":"post","link":"https:\/\/mediagroup.mx\/index.php\/2024\/01\/22\/30-de-enero-limite-para-entregar-propuestas-a-presea-primer-supremo-tribunal-de-justicia-para-la-america-mexicana-ario-1815\/","title":{"rendered":"30 de enero, l\u00edmite para entregar propuestas a Presea \u201cPrimer Supremo Tribunal de Justicia para la Am\u00e9rica Mexicana, Ario 1815\u201d"},"content":{"rendered":"<p><strong>Morelia, Michoac\u00e1n.-<\/strong> El registro de ciudadanos, instituciones u organizaciones destacadas en el \u00e1mbito de la justicia y en beneficio de la entidad o la naci\u00f3n, que sean candidatos a recibir la Presea \u201cPrimer Supremo Tribunal de Justicia para la Am\u00e9rica Mexicana, Ario 1815\u201d, cierra el 30 de enero.<\/p>\n<p>El Congreso del Estado abri\u00f3 la convocatoria el pasado 22 de enero para que se entreguen en el edificio del Poder Legislativo, las propuestas de quien o quienes se han distinguido por sus m\u00e9ritos en pro de defender, cultivar, forjar, establecer, impartir, difundir, fomentar, o bien, que, por su trayectoria profesional o social, se hayan destacado en materia de justicia.<\/p>\n<p>De acuerdo con dicha convocatoria, las propuestas deber\u00e1n incluir el nombre o raz\u00f3n social, domicilio y datos de contacto de quien presenta la candidatura, adem\u00e1s de exponer los m\u00e9ritos, hechos u actos realizados por su aspirante.<\/p>\n<p>En ella se precisa que ser\u00e1 la Secretar\u00eda de Servicios Parlamentarios la que, una vez que se cumpla con la fecha estipulada, el d\u00eda siguiente h\u00e1bil al del cierre del per\u00edodo de recepci\u00f3n, remitir\u00e1 las propuestas recibidas a la Comisi\u00f3n de Justicia.<\/p>\n<p>Ser\u00e1 la Comisi\u00f3n de Dictamen la que analizar\u00e1 los perfiles e integrar\u00e1 una terna que ser\u00e1 entregada a la Junta de Coordinaci\u00f3n Pol\u00edtica, a fin de analizar y definir, mediante Propuesta de Acuerdo que ser\u00e1 sometida a consideraci\u00f3n al Pleno del Congreso del Estado, para su consideraci\u00f3n y votaci\u00f3n.<\/p>\n<p>Cabe destacar que la Presea \u201cPrimer Supremo Tribunal de Justicia para la Am\u00e9rica Mexicana, Ario 1815\u201d ser\u00e1 entregada en Sesi\u00f3n Solemne de la 75 Legislatura, el d\u00eda siete de marzo del presente a\u00f1o, en la ciudad de Ario, Michoac\u00e1n.<\/p>\n<p>Conforme a lo estipulado en la convocatoria abierta, las propuestas deber\u00e1n presentarse por escrito en las oficinas de la Secretar\u00eda de Servicios Parlamentarios del Congreso del Estado, ubicadas en la Avenida Madero Oriente n\u00famero 97, Centro Hist\u00f3rico de Morelia, en un horario de las 10 a 14 horas, a m\u00e1s tardar el martes 30 de enero del 2024.<\/p>\n<p>La convocatoria completa se puede revisar en http:\/\/congresomich.gob.mx\/cem\/wp-content\/uploads\/Convocatoria-Presea-STJN-Ario-1815-comisio%CC%81n-de-justicia-2023-2024.pdf<\/p>\n","protected":false},"excerpt":{"rendered":"<p>Morelia, Michoac\u00e1n.- El registro de ciudadanos, instituciones u organizaciones destacadas en el \u00e1mbito de la justicia y en beneficio de la entidad o la naci\u00f3n, que sean candidatos a recibir la Presea \u201cPrimer Supremo Tribunal de Justicia para la Am\u00e9rica Mexicana, Ario 1815\u201d, cierra el 30 de enero. El Congreso del Estado abri\u00f3 la convocatoria [&hellip;]<\/p>\n","protected":false},"author":1,"featured_media":52124,"comment_status":"open","ping_status":"open","sticky":false,"template":"","format":"standard","meta":{"om_disable_all_campaigns":false,"_monsterinsights_skip_tracking":false,"_monsterinsights_sitenote_active":false,"_monsterinsights_sitenote_note":"","_monsterinsights_sitenote_category":0,"_uf_show_specific_survey":0,"_uf_disable_surveys":false,"_jetpack_memberships_contains_paid_content":false,"footnotes":"","jetpack_publicize_message":"","jetpack_publicize_feature_enabled":true,"jetpack_social_post_already_shared":true,"jetpack_social_options":{"image_generator_settings":{"template":"highway","default_image_id":0,"enabled":false},"version":2}},"categories":[15],"tags":[],"class_list":{"0":"post-52123","1":"post","2":"type-post","3":"status-publish","4":"format-standard","5":"has-post-thumbnail","7":"category-michoacan"},"aioseo_notices":[],"jetpack_publicize_connections":[],"jetpack_featured_media_url":"https:\/\/mediagroup.mx\/wp-content\/uploads\/2024\/01\/Congreso-Mich-2024-.webp","jetpack_sharing_enabled":true,"_links":{"self":[{"href":"https:\/\/mediagroup.mx\/index.php\/wp-json\/wp\/v2\/posts\/52123","targetHints":{"allow":["GET"]}}],"collection":[{"href":"https:\/\/mediagroup.mx\/index.php\/wp-json\/wp\/v2\/posts"}],"about":[{"href":"https:\/\/mediagroup.mx\/index.php\/wp-json\/wp\/v2\/types\/post"}],"author":[{"embeddable":true,"href":"https:\/\/mediagroup.mx\/index.php\/wp-json\/wp\/v2\/users\/1"}],"replies":[{"embeddable":true,"href":"https:\/\/mediagroup.mx\/index.php\/wp-json\/wp\/v2\/comments?post=52123"}],"version-history":[{"count":1,"href":"https:\/\/mediagroup.mx\/index.php\/wp-json\/wp\/v2\/posts\/52123\/revisions"}],"predecessor-version":[{"id":52125,"href":"https:\/\/mediagroup.mx\/index.php\/wp-json\/wp\/v2\/posts\/52123\/revisions\/52125"}],"wp:featuredmedia":[{"embeddable":true,"href":"https:\/\/mediagroup.mx\/index.php\/wp-json\/wp\/v2\/media\/52124"}],"wp:attachment":[{"href":"https:\/\/mediagroup.mx\/index.php\/wp-json\/wp\/v2\/media?parent=52123"}],"wp:term":[{"taxonomy":"category","embeddable":true,"href":"https:\/\/mediagroup.mx\/index.php\/wp-json\/wp\/v2\/categories?post=52123"},{"taxonomy":"post_tag","embeddable":true,"href":"https:\/\/mediagroup.mx\/index.php\/wp-json\/wp\/v2\/tags?post=52123"}],"curies":[{"name":"wp","href":"https:\/\/api.w.org\/{rel}","templated":true}]}}