{"id":52133,"date":"2024-01-23T22:08:06","date_gmt":"2024-01-24T04:08:06","guid":{"rendered":"https:\/\/mediagroup.mx\/?p=52133"},"modified":"2024-01-31T08:12:09","modified_gmt":"2024-01-31T14:12:09","slug":"basificacion-a-docentes-ejemplo-de-recuperacion-de-la-rectoria-de-la-educacion-en-michoacan-belinda-hurtado","status":"publish","type":"post","link":"https:\/\/mediagroup.mx\/index.php\/2024\/01\/23\/basificacion-a-docentes-ejemplo-de-recuperacion-de-la-rectoria-de-la-educacion-en-michoacan-belinda-hurtado\/","title":{"rendered":"Basificaci\u00f3n a docentes ejemplo de recuperaci\u00f3n de la rector\u00eda de la educaci\u00f3n en Michoac\u00e1n: Belinda Hurtado"},"content":{"rendered":"<p><strong>Morelia, Michoac\u00e1n.-<\/strong> \u201cLa formalizaci\u00f3n de m\u00e1s de 5 mil bases docentes hoy y m\u00e1s adelante un total de 8 mil 400, es muestra de la recuperaci\u00f3n de la rector\u00eda de la educaci\u00f3n por parte del Gobierno de Michoac\u00e1n, es un acto de justicia y certeza laboral para las maestras y maestros, que tienen la enorme tarea de formar a la sociedad\u201d.<\/p>\n<p>As\u00ed lo afirm\u00f3 la Presidenta de la Comisi\u00f3n de Educaci\u00f3n, Belinda Hurtado Mar\u00edn al presenciar la entrega de bases a trabajadores de la educaci\u00f3n, por parte de la titular de la Secretar\u00eda de Educaci\u00f3n P\u00fablica Federal, Leticia Ram\u00edrez Amaya y el Gobernador de Michoac\u00e1n, Alfredo Ram\u00edrez Bedolla, en un acto que se realiz\u00f3 en el Teatro Morelos de la capital michoacana.<\/p>\n<p>La legisladora manifest\u00f3 que este acontecimiento es una muestra m\u00e1s del proceso de transformaci\u00f3n que vive el pa\u00eds y nuestro estado, quienes le han dado un valor profundo a las y los maestros en el pa\u00eds, y ahora en nuestro estado, record\u00f3 que fue con la instalaci\u00f3n de la Cuarta Transformaci\u00f3n que impuls\u00f3 el presidente Andr\u00e9s Manuel L\u00f3pez Obrador, que se reforzaron los derechos de los trabajadores de la educaci\u00f3n.<\/p>\n<p>Belinda Hurtado destac\u00f3 que la Cuarta Transformaci\u00f3n en Michoac\u00e1n dio un paso importante al dar certeza a sus derechos laborales, con los pagos puntuales, basificaci\u00f3n y el combate a la corrupci\u00f3n, al terminar con la venta de plazas, situaci\u00f3n que fue apoyada dese el Congreso del Estado, quien ha hecho su tarea, al aprobar el presupuesto para garantizar los recursos econ\u00f3micos que han ayudado a la recuperaci\u00f3n de la rector\u00eda educativa y a brindar m\u00e1s y mejores herramientas para que las ni\u00f1as, ni\u00f1os y adolescentes puedan estudiar.<\/p>\n<p>\u201cNuevamente la transformaci\u00f3n de Michoac\u00e1n avanza con hechos, hoy m\u00e1s que nunca se pueden ver las acciones para mejorar la educaci\u00f3n, desde el Gobierno Federal con las becas que se habr\u00e1n de incrementar para nuestra entidad el pr\u00f3ximo a\u00f1o a 126 mil para estudiantes de educaci\u00f3n b\u00e1sica, la consolidaci\u00f3n de la nueva escuela mexicana y el programa de mejoramiento \u201cLa Escuela es Nuestra\u201d, mientras que nuestro Gobernador que ha conseguido finanzas sanas para cumplir con los compromisos laborales de los docentes, hay entrega de \u00fatiles, uniformes y calzado, ahora con la aprobaci\u00f3n del presupuesto habr\u00e1 tambi\u00e9n recursos para mejorar la infraestructura educativa en todo nuestro estado\u201d.<\/p>\n<p>La congresista del Distrito 12 de Hidalgo, concluy\u00f3 que desde la Comisi\u00f3n de Educaci\u00f3n, seguir\u00e1 con las puertas abiertas para escuchar las necesidades de la comunidad educativa, manifest\u00f3 su respaldo para seguir con el trabajo coordinado con la Secretar\u00eda de Educaci\u00f3n en el Estado y con el Gobernador Ram\u00edrez Bedolla, para seguir dando mayor autonom\u00eda a las maestras y maestros, adem\u00e1s de garantizar el derechos a la educaci\u00f3n a todas las ni\u00f1as y ni\u00f1os.<\/p>\n","protected":false},"excerpt":{"rendered":"<p>Morelia, Michoac\u00e1n.- \u201cLa formalizaci\u00f3n de m\u00e1s de 5 mil bases docentes hoy y m\u00e1s adelante un total de 8 mil 400, es muestra de la recuperaci\u00f3n de la rector\u00eda de la educaci\u00f3n por parte del Gobierno de Michoac\u00e1n, es un acto de justicia y certeza laboral para las maestras y maestros, que tienen la enorme [&hellip;]<\/p>\n","protected":false},"author":1,"featured_media":52134,"comment_status":"open","ping_status":"open","sticky":false,"template":"","format":"standard","meta":{"om_disable_all_campaigns":false,"_monsterinsights_skip_tracking":false,"_monsterinsights_sitenote_active":false,"_monsterinsights_sitenote_note":"","_monsterinsights_sitenote_category":0,"_uf_show_specific_survey":0,"_uf_disable_surveys":false,"_jetpack_memberships_contains_paid_content":false,"footnotes":"","jetpack_publicize_message":"","jetpack_publicize_feature_enabled":true,"jetpack_social_post_already_shared":true,"jetpack_social_options":{"image_generator_settings":{"template":"highway","default_image_id":0,"enabled":false},"version":2}},"categories":[15],"tags":[],"class_list":{"0":"post-52133","1":"post","2":"type-post","3":"status-publish","4":"format-standard","5":"has-post-thumbnail","7":"category-michoacan"},"aioseo_notices":[],"jetpack_publicize_connections":[],"jetpack_featured_media_url":"https:\/\/mediagroup.mx\/wp-content\/uploads\/2024\/01\/Belinda-Hurtado-Basificados.jpeg","jetpack_sharing_enabled":true,"_links":{"self":[{"href":"https:\/\/mediagroup.mx\/index.php\/wp-json\/wp\/v2\/posts\/52133","targetHints":{"allow":["GET"]}}],"collection":[{"href":"https:\/\/mediagroup.mx\/index.php\/wp-json\/wp\/v2\/posts"}],"about":[{"href":"https:\/\/mediagroup.mx\/index.php\/wp-json\/wp\/v2\/types\/post"}],"author":[{"embeddable":true,"href":"https:\/\/mediagroup.mx\/index.php\/wp-json\/wp\/v2\/users\/1"}],"replies":[{"embeddable":true,"href":"https:\/\/mediagroup.mx\/index.php\/wp-json\/wp\/v2\/comments?post=52133"}],"version-history":[{"count":2,"href":"https:\/\/mediagroup.mx\/index.php\/wp-json\/wp\/v2\/posts\/52133\/revisions"}],"predecessor-version":[{"id":52137,"href":"https:\/\/mediagroup.mx\/index.php\/wp-json\/wp\/v2\/posts\/52133\/revisions\/52137"}],"wp:featuredmedia":[{"embeddable":true,"href":"https:\/\/mediagroup.mx\/index.php\/wp-json\/wp\/v2\/media\/52134"}],"wp:attachment":[{"href":"https:\/\/mediagroup.mx\/index.php\/wp-json\/wp\/v2\/media?parent=52133"}],"wp:term":[{"taxonomy":"category","embeddable":true,"href":"https:\/\/mediagroup.mx\/index.php\/wp-json\/wp\/v2\/categories?post=52133"},{"taxonomy":"post_tag","embeddable":true,"href":"https:\/\/mediagroup.mx\/index.php\/wp-json\/wp\/v2\/tags?post=52133"}],"curies":[{"name":"wp","href":"https:\/\/api.w.org\/{rel}","templated":true}]}}