{"id":52160,"date":"2024-01-23T23:46:46","date_gmt":"2024-01-24T05:46:46","guid":{"rendered":"https:\/\/mediagroup.mx\/?p=52160"},"modified":"2024-01-31T09:48:49","modified_gmt":"2024-01-31T15:48:49","slug":"celebra-diputada-ivonne-pantoja-creacion-del-centro-de-atencion-al-espectro-autista-en-morelia","status":"publish","type":"post","link":"https:\/\/mediagroup.mx\/index.php\/2024\/01\/23\/celebra-diputada-ivonne-pantoja-creacion-del-centro-de-atencion-al-espectro-autista-en-morelia\/","title":{"rendered":"Celebra diputada Ivonne Pantoja creaci\u00f3n del Centro de Atenci\u00f3n al Espectro Autista en Morelia"},"content":{"rendered":"<p><strong>Morelia, Michoac\u00e1n.-<\/strong> Nuestras ni\u00f1as y ni\u00f1os merecen tener a su alcance herramientas que les permitan un desarrollo adecuado, con el Centro de Atenci\u00f3n al Espectro Autista en Morelia se brindar\u00e1 apoyo a los peque\u00f1os con este diagn\u00f3stico, asever\u00f3 Ivonne Pantoja Abascal, presidenta de la Mesa Directiva del Congreso del Estado.<\/p>\n<p>Durante la inauguraci\u00f3n del Centro de Atenci\u00f3n en Morelia, la legisladora resalt\u00f3 la importancia de la construcci\u00f3n de esta obra de gran impacto que contar\u00e1 con especialistas en autismo para brindar las terapias adecuadas.<\/p>\n<p>\u201cDesde el Congreso del Estado hemos venido buscando e impulsando que los peque\u00f1os con este diagn\u00f3stico sean atendidos. S\u00e9 que van a lograr avanzar en el objetivo de mejorar la calidad de vida de nuestras infancias, para que las ni\u00f1as y los ni\u00f1os brillen con luz propia; estoy segura que va a ser un \u00e9xito\u201d, recalc\u00f3.<\/p>\n<p>Pantoja Abascal reconoci\u00f3 el trabajo realizado por la presidenta del DIF Morelia, Paola Delgadillo, y el alcalde de Morelia, Alfonso Mart\u00ednez, en la construcci\u00f3n de dicha obra que es incluyente, sin\u00f3nimo de calidad y calidez; mismo que podr\u00e1 motivar a otros municipios a replicar dicho modelo para la atenci\u00f3n de las ni\u00f1as y los ni\u00f1os que requieren la atenci\u00f3n especializada.<\/p>\n<p>\u201cEn Zamora, el distrito al que represento, se brinda atenci\u00f3n a estos peque\u00f1itos a trav\u00e9s del CRI Promoton; pero es necesario que tanto alcaldes, como legisladores puedan conocer este espacio para que en los diferentes lugares de la entidad se replique este modelo, impulsen acciones y motivar a las y los michoacanos a ayudar a que estas obras lleguen a m\u00e1s ni\u00f1as y ni\u00f1os\u201d.<\/p>\n<p>Al corte de list\u00f3n y develaci\u00f3n de la placa alusiva, asistieron las autoridades municipales de Morelia, las y los diputados Adriana Hern\u00e1ndez \u00cd\u00f1iguez, M\u00f3nica Lariza P\u00e9rez Campos, Andrea Villanueva Cano, Alejandra Hern\u00e1ndez Morales, Mar\u00eda Guadalupe D\u00edaz Chagolla, Jes\u00fas Hern\u00e1ndez Pe\u00f1a y David Alejandro Cort\u00e9s Mendoza, destac\u00f3 la importancia de la creaci\u00f3n de dicho centro, que pe<\/p>\n","protected":false},"excerpt":{"rendered":"<p>Morelia, Michoac\u00e1n.- Nuestras ni\u00f1as y ni\u00f1os merecen tener a su alcance herramientas que les permitan un desarrollo adecuado, con el Centro de Atenci\u00f3n al Espectro Autista en Morelia se brindar\u00e1 apoyo a los peque\u00f1os con este diagn\u00f3stico, asever\u00f3 Ivonne Pantoja Abascal, presidenta de la Mesa Directiva del Congreso del Estado. Durante la inauguraci\u00f3n del Centro [&hellip;]<\/p>\n","protected":false},"author":1,"featured_media":52161,"comment_status":"open","ping_status":"open","sticky":false,"template":"","format":"standard","meta":{"om_disable_all_campaigns":false,"_monsterinsights_skip_tracking":false,"_monsterinsights_sitenote_active":false,"_monsterinsights_sitenote_note":"","_monsterinsights_sitenote_category":0,"_uf_show_specific_survey":0,"_uf_disable_surveys":false,"_jetpack_memberships_contains_paid_content":false,"footnotes":"","jetpack_publicize_message":"","jetpack_publicize_feature_enabled":true,"jetpack_social_post_already_shared":true,"jetpack_social_options":{"image_generator_settings":{"template":"highway","default_image_id":0,"enabled":false},"version":2}},"categories":[15],"tags":[],"class_list":{"0":"post-52160","1":"post","2":"type-post","3":"status-publish","4":"format-standard","5":"has-post-thumbnail","7":"category-michoacan"},"aioseo_notices":[],"jetpack_publicize_connections":[],"jetpack_featured_media_url":"https:\/\/mediagroup.mx\/wp-content\/uploads\/2024\/01\/Ivonne-Pantoja-Autismo-.jpeg","jetpack_sharing_enabled":true,"_links":{"self":[{"href":"https:\/\/mediagroup.mx\/index.php\/wp-json\/wp\/v2\/posts\/52160","targetHints":{"allow":["GET"]}}],"collection":[{"href":"https:\/\/mediagroup.mx\/index.php\/wp-json\/wp\/v2\/posts"}],"about":[{"href":"https:\/\/mediagroup.mx\/index.php\/wp-json\/wp\/v2\/types\/post"}],"author":[{"embeddable":true,"href":"https:\/\/mediagroup.mx\/index.php\/wp-json\/wp\/v2\/users\/1"}],"replies":[{"embeddable":true,"href":"https:\/\/mediagroup.mx\/index.php\/wp-json\/wp\/v2\/comments?post=52160"}],"version-history":[{"count":1,"href":"https:\/\/mediagroup.mx\/index.php\/wp-json\/wp\/v2\/posts\/52160\/revisions"}],"predecessor-version":[{"id":52162,"href":"https:\/\/mediagroup.mx\/index.php\/wp-json\/wp\/v2\/posts\/52160\/revisions\/52162"}],"wp:featuredmedia":[{"embeddable":true,"href":"https:\/\/mediagroup.mx\/index.php\/wp-json\/wp\/v2\/media\/52161"}],"wp:attachment":[{"href":"https:\/\/mediagroup.mx\/index.php\/wp-json\/wp\/v2\/media?parent=52160"}],"wp:term":[{"taxonomy":"category","embeddable":true,"href":"https:\/\/mediagroup.mx\/index.php\/wp-json\/wp\/v2\/categories?post=52160"},{"taxonomy":"post_tag","embeddable":true,"href":"https:\/\/mediagroup.mx\/index.php\/wp-json\/wp\/v2\/tags?post=52160"}],"curies":[{"name":"wp","href":"https:\/\/api.w.org\/{rel}","templated":true}]}}