{"id":52245,"date":"2024-01-19T22:21:07","date_gmt":"2024-01-20T04:21:07","guid":{"rendered":"https:\/\/mediagroup.mx\/?p=52245"},"modified":"2024-02-08T08:23:00","modified_gmt":"2024-02-08T14:23:00","slug":"red-juntos-por-michoacan-afina-detalles-del-vii-encuentro-docente","status":"publish","type":"post","link":"https:\/\/mediagroup.mx\/index.php\/2024\/01\/19\/red-juntos-por-michoacan-afina-detalles-del-vii-encuentro-docente\/","title":{"rendered":"Red Juntos por Michoac\u00e1n afina detalles del VII Encuentro Docente"},"content":{"rendered":"<p><strong>Morelia, Michoac\u00e1n.-<\/strong> Las y los integrantes de la Red Juntos por Michoac\u00e1n afinan los detalles del VII Encuentro Docente \u201cEducar para la sostenibilidad\u201d, que se llevar\u00e1 a cabo el pr\u00f3ximo 22 de febrero en modalidad virtual.<\/p>\n<p>Durante la sexta sesi\u00f3n ordinaria del organismo encabezada por la rectora de la Universidad Michoacana de San Nicol\u00e1s de Hidalgo (UMSNH), Yarab\u00ed \u00c1vila Gonz\u00e1lez, en su calidad de presidenta, se abordaron diversos temas concernientes a la s\u00e9ptima edici\u00f3n del evento.<\/p>\n<p>En este sentido, la rectora destac\u00f3 la importancia del Encuentro, en el que dijo, se reflejan los esfuerzos conjuntos de todas las instituciones que conforman la Red, y donde el objetivo central es fortalecer a las y los docentes, al referir que la actualizaci\u00f3n continua debe ser una constante.<\/p>\n<p>Por su parte, los rectores de la Universidad Latina de Am\u00e9rica (UNLA) y de la Salle, Jes\u00fas Vivanco Rodr\u00edguez y Jes\u00fas V\u00e1zquez Estupi\u00f1\u00e1n, respectivamente, coincidieron en que la actividad permitir\u00e1 impactar positivamente en el quehacer de las instituciones educativas, ya que es una nueva oportunidad para que el personal docente aprenda y comparta nuevas pr\u00e1cticas.<\/p>\n<p>En el s\u00e9ptimo Encuentro se busca romper r\u00e9cord de asistencia y que siga trascendiendo barreras, comparti\u00f3 la directora general de Jefferson Internacional, Karla Morales Fern\u00e1ndez, en tanto, la directora administrativa del Colegio Libertad, Citlalli Jim\u00e9nez, invit\u00f3 a inscribirse en este evento en el que apunt\u00f3 participar\u00e1n ponentes de primer nivel.<\/p>\n<p>Durante la sesi\u00f3n, tambi\u00e9n se cont\u00f3 con la presencia de la coordinadora de la Mesa Ciudadana de Seguridad y Justicia de la regi\u00f3n Morelia, Lorena Cort\u00e9s Villase\u00f1or, quien se\u00f1al\u00f3 que la seguridad es uno de los retos m\u00e1s sensibles en M\u00e9xico, por lo que debe de estar en las agendas de todos los espacios ciudadanos y acad\u00e9micos.<\/p>\n<p>Tras compartir diversas estad\u00edsticas en este rengl\u00f3n, invit\u00f3 a las y los integrantes de la Red Juntos Por Michoac\u00e1n para que se integren a la Mesa de Seguridad de Morelia. \u201cTraemos una agenda para abordar toda la fenomenolog\u00eda que tiene que ver con juventudes y todos estos riesgos psicosociales. Vean en nosotros a una instancia aliada en donde podamos sentar expertos y expertas para guiar y elaborar alg\u00fan plan de trabajo al respecto\u201d.<\/p>\n<p>En este sentido, la rectora Yarab\u00ed \u00c1vila, reconoci\u00f3 las aportaciones realizadas en esta materia, al se\u00f1alar que con ello se contribuye a generar acciones para establecer estrategias en beneficio de las comunidades educativas de cada instituci\u00f3n.<\/p>\n<p>Durante la reuni\u00f3n, la coordinadora de la Comisi\u00f3n de Educaci\u00f3n B\u00e1sica y Media Superior de la Red, Karla Lorena Morales Fern\u00e1ndez, rindi\u00f3 un informe de actividades en donde resalt\u00f3 las acciones realizadas en torno a la vinculaci\u00f3n institucional, cultura y promoci\u00f3n de valores, capacitaci\u00f3n en la educaci\u00f3n, solidaridad social y ciudadan\u00eda activa e innovaci\u00f3n educativa.<\/p>\n<p>Al evento tambi\u00e9n asisti\u00f3 la directora de la Universidad del Valle de Atemajac campus La Piedad, Natalia Salinas Bravo; Jes\u00fas Zalapa Alem\u00e1n, director del Instituto Tecnol\u00f3gico del Valle de Morelia; Ra\u00fal Olmos Torres, rector del Conservatorio de las Rosas, as\u00ed como Adriana Villica\u00f1a, directora de la UNIVA campus Zamora y de Paulina Adalid Fern\u00e1ndez, rectora de la UNID, campus Morelia.<\/p>\n","protected":false},"excerpt":{"rendered":"<p>Morelia, Michoac\u00e1n.- Las y los integrantes de la Red Juntos por Michoac\u00e1n afinan los detalles del VII Encuentro Docente \u201cEducar para la sostenibilidad\u201d, que se llevar\u00e1 a cabo el pr\u00f3ximo 22 de febrero en modalidad virtual. Durante la sexta sesi\u00f3n ordinaria del organismo encabezada por la rectora de la Universidad Michoacana de San Nicol\u00e1s de [&hellip;]<\/p>\n","protected":false},"author":1,"featured_media":52246,"comment_status":"open","ping_status":"open","sticky":false,"template":"","format":"standard","meta":{"om_disable_all_campaigns":false,"_monsterinsights_skip_tracking":false,"_monsterinsights_sitenote_active":false,"_monsterinsights_sitenote_note":"","_monsterinsights_sitenote_category":0,"_uf_show_specific_survey":0,"_uf_disable_surveys":false,"_jetpack_memberships_contains_paid_content":false,"footnotes":"","jetpack_publicize_message":"","jetpack_publicize_feature_enabled":true,"jetpack_social_post_already_shared":true,"jetpack_social_options":{"image_generator_settings":{"template":"highway","default_image_id":0,"enabled":false},"version":2}},"categories":[22],"tags":[],"class_list":{"0":"post-52245","1":"post","2":"type-post","3":"status-publish","4":"format-standard","5":"has-post-thumbnail","7":"category-educacion"},"aioseo_notices":[],"jetpack_publicize_connections":[],"jetpack_featured_media_url":"https:\/\/mediagroup.mx\/wp-content\/uploads\/2024\/02\/UMSNH-UNID.jpeg","jetpack_sharing_enabled":true,"_links":{"self":[{"href":"https:\/\/mediagroup.mx\/index.php\/wp-json\/wp\/v2\/posts\/52245","targetHints":{"allow":["GET"]}}],"collection":[{"href":"https:\/\/mediagroup.mx\/index.php\/wp-json\/wp\/v2\/posts"}],"about":[{"href":"https:\/\/mediagroup.mx\/index.php\/wp-json\/wp\/v2\/types\/post"}],"author":[{"embeddable":true,"href":"https:\/\/mediagroup.mx\/index.php\/wp-json\/wp\/v2\/users\/1"}],"replies":[{"embeddable":true,"href":"https:\/\/mediagroup.mx\/index.php\/wp-json\/wp\/v2\/comments?post=52245"}],"version-history":[{"count":1,"href":"https:\/\/mediagroup.mx\/index.php\/wp-json\/wp\/v2\/posts\/52245\/revisions"}],"predecessor-version":[{"id":52247,"href":"https:\/\/mediagroup.mx\/index.php\/wp-json\/wp\/v2\/posts\/52245\/revisions\/52247"}],"wp:featuredmedia":[{"embeddable":true,"href":"https:\/\/mediagroup.mx\/index.php\/wp-json\/wp\/v2\/media\/52246"}],"wp:attachment":[{"href":"https:\/\/mediagroup.mx\/index.php\/wp-json\/wp\/v2\/media?parent=52245"}],"wp:term":[{"taxonomy":"category","embeddable":true,"href":"https:\/\/mediagroup.mx\/index.php\/wp-json\/wp\/v2\/categories?post=52245"},{"taxonomy":"post_tag","embeddable":true,"href":"https:\/\/mediagroup.mx\/index.php\/wp-json\/wp\/v2\/tags?post=52245"}],"curies":[{"name":"wp","href":"https:\/\/api.w.org\/{rel}","templated":true}]}}