{"id":52257,"date":"2024-01-23T22:32:48","date_gmt":"2024-01-24T04:32:48","guid":{"rendered":"https:\/\/mediagroup.mx\/?p=52257"},"modified":"2024-02-08T08:35:14","modified_gmt":"2024-02-08T14:35:14","slug":"nos-estamos-preparando-para-ofertar-el-proximo-ciclo-escolar-la-licenciatura-en-trabajo-social-en-la-umsnh","status":"publish","type":"post","link":"https:\/\/mediagroup.mx\/index.php\/2024\/01\/23\/nos-estamos-preparando-para-ofertar-el-proximo-ciclo-escolar-la-licenciatura-en-trabajo-social-en-la-umsnh\/","title":{"rendered":"Nos estamos preparando para ofertar el pr\u00f3ximo ciclo escolar la licenciatura en Trabajo Social en la UMSNH"},"content":{"rendered":"<p><strong>Morelia, Michoac\u00e1n.-<\/strong> La nueva Licenciatura en Trabajo Social que ofertar\u00e1 la Universidad Michoacana de San Nicol\u00e1s de Hidalgo (UMSNH) ser\u00e1 un programa fortalecido y de calidad, coincidieron asistentes a la firma de convenio entre la rectora Yarab\u00ed \u00c1vila Gonz\u00e1lez y la presidenta del Colegio de Trabajadores Sociales de Michoac\u00e1n, Mar\u00eda de los \u00c1ngeles Garc\u00eda Renter\u00eda<\/p>\n<p>La rectora manifest\u00f3 su satisfacci\u00f3n porque esta carrera forme parte de la oferta educativa nicolaita, tras resaltar la importancia y el campo de trabajo que tiene dicha profesi\u00f3n, de igual forma reconoci\u00f3 al Colegio por la labor y el impulso para contar con un plan de estudios fortalecido, al tiempo que enfatiz\u00f3 en el respaldo del Consejo Universitario para su aprobaci\u00f3n.<\/p>\n<p>Sostuvo que es necesario realizar una amplia labor por la dignificaci\u00f3n del trabajo social, por la relevancia y el impacto que tiene en cada una de las \u00e1reas, as\u00ed como trabajar por la certificaci\u00f3n.<\/p>\n<p>Destac\u00f3 que se implementar\u00e1n conferencias, foros y diplomados dirigidos al cuerpo docente, tras se\u00f1alar que hay un gran cari\u00f1o porque la Universidad Michoacana siga creciendo y confi\u00f3 en que la carrera de Trabajo Social tendr\u00e1 mucho \u00e9xito.<\/p>\n<p>\u201cLa siguiente meta es la difusi\u00f3n y la siguiente tendr\u00e1 que ser que sean egresados y egresadas de alto profesionalismo, sobre todo gente muy \u00e9tica, muy sensible, muy emp\u00e1tica ante los sectores vulnerables de nuestra sociedad michoacana\u201d.<\/p>\n<p>En su turno, la presidenta del Colegio de Trabajadores Sociales de Michoac\u00e1n, Mar\u00eda de los \u00c1ngeles Garc\u00eda Renter\u00eda, reconoci\u00f3 el apoyo de la rectora para que dicha carrera sea una realidad en la UMSNH, al tiempo que record\u00f3 que en M\u00e9xico hace 90 a\u00f1os existe esta profesi\u00f3n, sin embargo, coment\u00f3 que poco visibilizada.<\/p>\n<p>Precis\u00f3 que en la entidad la Licenciatura se oferta en tres instituciones privadas, lo que dijo, deja fuera a personas de escasos recursos que desean estudiar esta carrera.<\/p>\n<p>\u201cEste convenio viene a romper las barreras socioecon\u00f3micas que dejaban a s\u00f3lo unos cuantos el poder estudiar y aplicar sus conocimientos en el \u00e1rea profesional, siendo esta una carrera fundamental que aborda varios campos de estudio\u201d.<\/p>\n<p>Por su parte, la directora de la Facultad de Salud P\u00fablica y Enfermer\u00eda, Martha Patricia Morf\u00edn Gallegos, coment\u00f3 que el objetivo es formar profesionales con una visi\u00f3n humanista, \u00e9tica y de compromiso social, con una perspectiva interdisciplinaria, capaces de integrar y ampliar conocimiento te\u00f3ricos, metodol\u00f3gicos y pr\u00e1cticos, con el fin de intervenir en los problemas y necesidades sociales.<\/p>\n<p>Abund\u00f3 que la Licenciatura contar\u00e1 con la flexibilidad en una especializaci\u00f3n de cuatro vertientes como es: la violencia de g\u00e9nero, \u00e1mbito social y humano, atenci\u00f3n especial y salud p\u00fablica.<\/p>\n<p>\u201cNuestros alumnos tendr\u00e1n la calidad de un programa y que al egresar tendr\u00e1n los conocimientos para la intervenci\u00f3n de las diferentes \u00e1reas profesionales que nuestra poblaci\u00f3n necesita\u201d.<\/p>\n<p>El secretario Acad\u00e9mico, Antonio Ramos Paz, agradeci\u00f3 el apoyo del Colegio a quienes invit\u00f3 a continuar con su acompa\u00f1amiento para motivar a las y los j\u00f3venes a que conozcan este plan de estudios. \u201cNo va a ser una segunda opci\u00f3n, va a ser la opci\u00f3n, y la Universidad Michoacana va a ser la primera opci\u00f3n para seleccionar esta carrera\u201d.<\/p>\n<p>La expresidenta del Colegio, Adriana Heredia, reconoci\u00f3 el apoyo del actual Rectorado para la apertura de dicha Licenciatura, al referir que desde hace 20 a\u00f1os se present\u00f3 el proyecto a la UMSNH y la respuesta fue que no era factible.<\/p>\n<p>Durante el evento, tambi\u00e9n estuvo presente por parte de la UMSNH, el abogado general, Ra\u00fal Carrera; la directora de Vinculaci\u00f3n y Servicio Social, Elizabeth V\u00e1zquez y el coordinador general de Estudios de Licenciatura, Jaime Espino Valencia, as\u00ed como integrantes del Colegio de Trabajadores Sociales.<\/p>\n","protected":false},"excerpt":{"rendered":"<p>Morelia, Michoac\u00e1n.- La nueva Licenciatura en Trabajo Social que ofertar\u00e1 la Universidad Michoacana de San Nicol\u00e1s de Hidalgo (UMSNH) ser\u00e1 un programa fortalecido y de calidad, coincidieron asistentes a la firma de convenio entre la rectora Yarab\u00ed \u00c1vila Gonz\u00e1lez y la presidenta del Colegio de Trabajadores Sociales de Michoac\u00e1n, Mar\u00eda de los \u00c1ngeles Garc\u00eda Renter\u00eda [&hellip;]<\/p>\n","protected":false},"author":1,"featured_media":52258,"comment_status":"open","ping_status":"open","sticky":false,"template":"","format":"standard","meta":{"om_disable_all_campaigns":false,"_monsterinsights_skip_tracking":false,"_monsterinsights_sitenote_active":false,"_monsterinsights_sitenote_note":"","_monsterinsights_sitenote_category":0,"_uf_show_specific_survey":0,"_uf_disable_surveys":false,"_jetpack_memberships_contains_paid_content":false,"footnotes":"","jetpack_publicize_message":"","jetpack_publicize_feature_enabled":true,"jetpack_social_post_already_shared":true,"jetpack_social_options":{"image_generator_settings":{"template":"highway","default_image_id":0,"enabled":false},"version":2}},"categories":[22],"tags":[],"class_list":{"0":"post-52257","1":"post","2":"type-post","3":"status-publish","4":"format-standard","5":"has-post-thumbnail","7":"category-educacion"},"aioseo_notices":[],"jetpack_publicize_connections":[],"jetpack_featured_media_url":"https:\/\/mediagroup.mx\/wp-content\/uploads\/2024\/02\/Licenciatura-Trabajo-UMNSH-scaled.jpeg","jetpack_sharing_enabled":true,"_links":{"self":[{"href":"https:\/\/mediagroup.mx\/index.php\/wp-json\/wp\/v2\/posts\/52257","targetHints":{"allow":["GET"]}}],"collection":[{"href":"https:\/\/mediagroup.mx\/index.php\/wp-json\/wp\/v2\/posts"}],"about":[{"href":"https:\/\/mediagroup.mx\/index.php\/wp-json\/wp\/v2\/types\/post"}],"author":[{"embeddable":true,"href":"https:\/\/mediagroup.mx\/index.php\/wp-json\/wp\/v2\/users\/1"}],"replies":[{"embeddable":true,"href":"https:\/\/mediagroup.mx\/index.php\/wp-json\/wp\/v2\/comments?post=52257"}],"version-history":[{"count":1,"href":"https:\/\/mediagroup.mx\/index.php\/wp-json\/wp\/v2\/posts\/52257\/revisions"}],"predecessor-version":[{"id":52259,"href":"https:\/\/mediagroup.mx\/index.php\/wp-json\/wp\/v2\/posts\/52257\/revisions\/52259"}],"wp:featuredmedia":[{"embeddable":true,"href":"https:\/\/mediagroup.mx\/index.php\/wp-json\/wp\/v2\/media\/52258"}],"wp:attachment":[{"href":"https:\/\/mediagroup.mx\/index.php\/wp-json\/wp\/v2\/media?parent=52257"}],"wp:term":[{"taxonomy":"category","embeddable":true,"href":"https:\/\/mediagroup.mx\/index.php\/wp-json\/wp\/v2\/categories?post=52257"},{"taxonomy":"post_tag","embeddable":true,"href":"https:\/\/mediagroup.mx\/index.php\/wp-json\/wp\/v2\/tags?post=52257"}],"curies":[{"name":"wp","href":"https:\/\/api.w.org\/{rel}","templated":true}]}}