{"id":52758,"date":"2024-03-04T15:27:53","date_gmt":"2024-03-04T21:27:53","guid":{"rendered":"https:\/\/mediagroup.mx\/?p=52758"},"modified":"2024-03-04T15:27:53","modified_gmt":"2024-03-04T21:27:53","slug":"haiti-queda-paralizado-por-el-estado-de-emergencia-tras-fuga-de-presos","status":"publish","type":"post","link":"https:\/\/mediagroup.mx\/index.php\/2024\/03\/04\/haiti-queda-paralizado-por-el-estado-de-emergencia-tras-fuga-de-presos\/","title":{"rendered":"Hait\u00ed queda paralizado por el estado de emergencia tras fuga de presos"},"content":{"rendered":"<p class=\"jsx-3954459878\" style=\"text-align: justify;\">Puerto Pr\u00edncipe, la capital de Hait\u00ed, qued\u00f3 pr\u00e1cticamente paralizada este lunes, con escuelas y bancos cerrados, tras la declaraci\u00f3n del\u00a0<strong>estado de emergencia<\/strong>\u00a0debido al asalto por parte de pandillas a una prisi\u00f3n\u00a0<a href=\"https:\/\/www.eleconomista.com.mx\/internacionales\/Miles-de-reos-se-fugan-de-prision-en-Haiti-20240303-0046.html\" target=\"_blank\" rel=\"noopener\" data-mrf-link=\"https:\/\/www.eleconomista.com.mx\/internacionales\/Miles-de-reos-se-fugan-de-prision-en-Haiti-20240303-0046.html\">que permiti\u00f3 la fuga de miles de reclusos<\/a>.<\/p>\n<p class=\"jsx-3954459878\" style=\"text-align: justify;\">Pocas personas se aventuraron a salir a las calles, apenas para comprar elementos esenciales como agua y combustible, luego del toque de queda decretado la noche del domingo, constataron periodistas de la AFP.<\/p>\n<p class=\"jsx-3954459878\" style=\"text-align: justify;\">La\u00a0<strong>fuga masiva de la Penitenciar\u00eda Nacional<\/strong>, la principal c\u00e1rcel del pa\u00eds, ocurrida tras el ataque pandillero que dej\u00f3 al menos una docena de muertos, se produjo en medio de una nueva oleada de violencia en Puerto Pr\u00edncipe, donde bandas armadas que controlan gran parte de la ciudad han atacado el aeropuerto internacional y edificios policiales.<\/p>\n<p class=\"jsx-3954459878\" style=\"text-align: justify;\">Esto\u00a0<a href=\"https:\/\/www.eleconomista.com.mx\/internacionales\/SRE-pide-a-mexicanos-tomar-medidas-ante-la-ola-de-violencia-en-Haiti-20240303-0053.html\" target=\"_blank\" rel=\"noopener\" data-mrf-link=\"https:\/\/www.eleconomista.com.mx\/internacionales\/SRE-pide-a-mexicanos-tomar-medidas-ante-la-ola-de-violencia-en-Haiti-20240303-0053.html\">llev\u00f3 al gobierno el domingo a decretar el estado de emergencia<\/a>\u00a0en el departamento Ouest, que incluye Puerto Pr\u00edncipe, y el toque de queda en la capital entre las 18:00 y las 05:00 horas locales hasta el mi\u00e9rcoles 6 de marzo, inform\u00f3 un comunicado oficial.<\/p>\n<p class=\"jsx-3954459878\" style=\"text-align: justify;\">El secretario general de la ONU,\u00a0<strong>Ant\u00f3nio Guterres<\/strong>, se declar\u00f3 este lunes \u00abmuy preocupado por el r\u00e1pido deterioro de la situaci\u00f3n de seguridad\u00bb en Hait\u00ed.<\/p>\n<p class=\"jsx-3954459878\" style=\"text-align: justify;\">Guterres \u00abreitera la necesidad de una acci\u00f3n urgente, especialmente para dar apoyo financiero a la misi\u00f3n multinacional de seguridad\u00bb respaldada por Naciones Unidas, afirm\u00f3 su portavoz, Stephane Dujarric.<\/p>\n<h2 class=\"jsx-1282840227\" style=\"text-align: justify;\">Exmilitares colombianos bajo custodia<\/h2>\n<p class=\"jsx-3954459878\" style=\"text-align: justify;\">Las pandillas han declarado que quieren la renuncia del primer ministro Ariel Henry, quien ha gobernado esta naci\u00f3n caribe\u00f1a\u00a0<a href=\"https:\/\/www.eleconomista.com.mx\/internacionales\/Comando-asesina-al-presidente-de-Haiti-Jovenel-Mose-en-su-casa--20210707-0034.html\" target=\"_blank\" rel=\"noopener\" data-mrf-link=\"https:\/\/www.eleconomista.com.mx\/internacionales\/Comando-asesina-al-presidente-de-Haiti-Jovenel-Mose-en-su-casa--20210707-0034.html\">desde el asesinato del presidente Jovenel Mo\u00efse<\/a>, en 2021.<\/p>\n<p class=\"jsx-3954459878\" style=\"text-align: justify;\">Desde entonces, la presidencia ha estado vacante. Las \u00faltimas elecciones se celebraron en 2016.<\/p>\n<p class=\"jsx-3954459878\" style=\"text-align: justify;\">Henry se encontraba en Kenia para firmar un acuerdo para el env\u00edo de polic\u00edas de esa naci\u00f3n africana como parte de una misi\u00f3n apoyada por la ONU para restablecer el orden, por lo que el secretario de Econom\u00eda, Patrick Michel Boisvert, debi\u00f3 firmar la declaraci\u00f3n de emergencia como primer ministro en ejercicio.<\/p>\n<p class=\"jsx-3954459878\" style=\"text-align: justify;\">El gobierno indic\u00f3 que el objetivo de las restricciones es \u00abrestablecer el orden y retomar el control de la situaci\u00f3n\u00bb y que el toque de queda se instaur\u00f3 \u00abdebido a la degradaci\u00f3n de la situaci\u00f3n de seguridad\u00bb en Puerto Pr\u00edncipe.<\/p>\n<p class=\"jsx-3954459878\" style=\"text-align: justify;\">Los 17 exmilitares colombianos detenidos por el crimen de Mo\u00efse y que se encontraban en la prisi\u00f3n asaltada decidieron no huir debido a que fueron amenazados de muerte por una banda criminal, seg\u00fan su abogada Sondra Macollins.<\/p>\n<blockquote class=\"jsx-2464929417\">\n<p class=\"jsx-3954459878\">La banda de los Barbecue estaba esper\u00e1ndolos para ejecutarlos en la puerta de la prisi\u00f3n\u00bb, denunci\u00f3 a Blu Radio de Colombia.<\/p>\n<\/blockquote>\n<p class=\"jsx-3954459878\" style=\"text-align: justify;\">Los exsoldados fueron sacados de esa c\u00e1rcel el domingo, luego de una solicitud de la canciller\u00eda colombiana, que pidi\u00f3 proteger \u00abla integridad f\u00edsica y seguridad\u00bb de los reclusos. Autoridades de Colombia y familiares han denunciado maltrato dentro de la prisi\u00f3n.<\/p>\n<div class=\"jsx-317244180 jsx-1524344588 jsx-238915999 jsx-2334624270 jsx-771075758 jsx-2932945249 banner\">\n<p class=\"jsx-3954459878\" style=\"text-align: justify;\">\u00abAnoche ya confirmamos que fueron trasladados a la estaci\u00f3n de polic\u00eda donde estuvieron (&#8230;) las primeras semanas cuando fueron capturados y ah\u00ed se encuentran en custodia, todos vivos\u00bb, precis\u00f3 Macollins.<\/p>\n<h2 class=\"jsx-1282840227\" style=\"text-align: justify;\">Cad\u00e1veres alrededor de la prisi\u00f3n<\/h2>\n<p class=\"jsx-3954459878\" style=\"text-align: justify;\">Tras la muerte de\u00a0<strong>Jovenel Mo\u00efse<\/strong>, Hait\u00ed se ha visto sumida en una grave crisis pol\u00edtica, humanitaria y de seguridad, con las fuerzas estatales se ven desbordadas por la violencia de bandas que ya tomaron control de zonas enteras del pa\u00eds, incluida la capital.<\/p>\n<p class=\"jsx-3954459878\" style=\"text-align: justify;\">Un periodista de la AFP que visit\u00f3 la c\u00e1rcel el domingo por la ma\u00f1ana vio una decena de cad\u00e1veres en los alrededores de la prisi\u00f3n. Algunos presentaban impacto de bala o proyectil, precis\u00f3.<\/p>\n<p class=\"jsx-3954459878\" style=\"text-align: justify;\">La puerta estaba \u00ababierta\u00bb y \u00abno hab\u00eda casi nadie\u00bb, constat\u00f3.<\/p>\n<div class=\"jsx-317244180 jsx-1524344588 jsx-238915999 jsx-2334624270 jsx-771075758 jsx-2932945249 banner\">\n<div class=\"jsx-317244180 jsx-1524344588 jsx-238915999 jsx-2334624270 jsx-771075758 jsx-2932945249\">\n<blockquote class=\"jsx-2464929417\">\n<p class=\"jsx-3954459878\">Se contaron muchos cad\u00e1veres de detenidos\u00bb, declar\u00f3 a la AFP Pierre Esp\u00e9rance, director ejecutivo de la Red Nacional de Defensa de los Derechos Humanos (RNDDH).<\/p>\n<\/blockquote>\n<p class=\"jsx-3954459878\" style=\"text-align: justify;\">S\u00f3lo un reducido n\u00famero de los 3,800 reclusos estimados siguen dentro de la prisi\u00f3n, seg\u00fan Esperance.<\/p>\n<p class=\"jsx-3954459878\" style=\"text-align: justify;\">El poderoso l\u00edder pandillero Jimmy Cherisier, apodado \u00abBarbecue\u00bb, dijo en un v\u00eddeo publicado en redes sociales que los grupos armados act\u00faan en conjunto \u00abpara lograr que el primer ministro Ariel Henry dimita\u00bb.<\/p>\n<p class=\"jsx-3954459878\" style=\"text-align: justify;\">Seg\u00fan el gobierno haitiano, el s\u00e1bado por la noche, agentes de polic\u00eda \u00abintentaron repeler un asalto de bandas criminales a la Penitenciar\u00eda Nacional y a la prisi\u00f3n de Croix des Bouquets\u00bb.<\/p>\n<p class=\"jsx-3954459878\" style=\"text-align: justify;\">El asalto \u00abdej\u00f3 heridos a varios presos y miembros del personal penitenciario\u00bb. Se desconoce cu\u00e1ntos detenidos lograron escapar.\u00a0<strong>En Croix des Bouquets hab\u00eda unos 1,450 reclusos<\/strong>.<\/p>\n<p style=\"text-align: justify;\">Por ahora no se sabe si Henry ya regres\u00f3 a Hait\u00ed tras su viaje. El viernes, el gobernante caribe\u00f1o firm\u00f3 un acuerdo en Nairobi con el presidente de Kenia,\u00a0<strong>William Ruto<\/strong>, sobre el despliegue de la fuerza de seguridad.<\/p>\n<p>Con informaci\u00f3n de: El Financiero<\/p>\n<\/div>\n<\/div>\n<\/div>\n","protected":false},"excerpt":{"rendered":"<p>Puerto Pr\u00edncipe, la capital de Hait\u00ed, qued\u00f3 pr\u00e1cticamente paralizada este lunes, con escuelas y bancos cerrados, tras la declaraci\u00f3n del\u00a0estado de emergencia\u00a0debido al asalto por parte de pandillas a una prisi\u00f3n\u00a0que permiti\u00f3 la fuga de miles de reclusos. Pocas personas se aventuraron a salir a las calles, apenas para comprar elementos esenciales como agua y [&hellip;]<\/p>\n","protected":false},"author":2,"featured_media":52760,"comment_status":"open","ping_status":"open","sticky":false,"template":"","format":"standard","meta":{"om_disable_all_campaigns":false,"_monsterinsights_skip_tracking":false,"_monsterinsights_sitenote_active":false,"_monsterinsights_sitenote_note":"","_monsterinsights_sitenote_category":0,"_uf_show_specific_survey":0,"_uf_disable_surveys":false,"_jetpack_memberships_contains_paid_content":false,"footnotes":"","jetpack_publicize_message":"","jetpack_publicize_feature_enabled":true,"jetpack_social_post_already_shared":true,"jetpack_social_options":{"image_generator_settings":{"template":"highway","default_image_id":0,"enabled":false},"version":2}},"categories":[18],"tags":[],"class_list":{"0":"post-52758","1":"post","2":"type-post","3":"status-publish","4":"format-standard","5":"has-post-thumbnail","7":"category-internacional"},"aioseo_notices":[],"jetpack_publicize_connections":[],"jetpack_featured_media_url":"https:\/\/mediagroup.mx\/wp-content\/uploads\/2024\/03\/Captura-de-pantalla-2024-03-04-a-las-15.24.43.png","jetpack_sharing_enabled":true,"_links":{"self":[{"href":"https:\/\/mediagroup.mx\/index.php\/wp-json\/wp\/v2\/posts\/52758","targetHints":{"allow":["GET"]}}],"collection":[{"href":"https:\/\/mediagroup.mx\/index.php\/wp-json\/wp\/v2\/posts"}],"about":[{"href":"https:\/\/mediagroup.mx\/index.php\/wp-json\/wp\/v2\/types\/post"}],"author":[{"embeddable":true,"href":"https:\/\/mediagroup.mx\/index.php\/wp-json\/wp\/v2\/users\/2"}],"replies":[{"embeddable":true,"href":"https:\/\/mediagroup.mx\/index.php\/wp-json\/wp\/v2\/comments?post=52758"}],"version-history":[{"count":1,"href":"https:\/\/mediagroup.mx\/index.php\/wp-json\/wp\/v2\/posts\/52758\/revisions"}],"predecessor-version":[{"id":52761,"href":"https:\/\/mediagroup.mx\/index.php\/wp-json\/wp\/v2\/posts\/52758\/revisions\/52761"}],"wp:featuredmedia":[{"embeddable":true,"href":"https:\/\/mediagroup.mx\/index.php\/wp-json\/wp\/v2\/media\/52760"}],"wp:attachment":[{"href":"https:\/\/mediagroup.mx\/index.php\/wp-json\/wp\/v2\/media?parent=52758"}],"wp:term":[{"taxonomy":"category","embeddable":true,"href":"https:\/\/mediagroup.mx\/index.php\/wp-json\/wp\/v2\/categories?post=52758"},{"taxonomy":"post_tag","embeddable":true,"href":"https:\/\/mediagroup.mx\/index.php\/wp-json\/wp\/v2\/tags?post=52758"}],"curies":[{"name":"wp","href":"https:\/\/api.w.org\/{rel}","templated":true}]}}