{"id":52762,"date":"2024-03-04T15:37:02","date_gmt":"2024-03-04T21:37:02","guid":{"rendered":"https:\/\/mediagroup.mx\/?p=52762"},"modified":"2024-03-04T15:37:02","modified_gmt":"2024-03-04T21:37:02","slug":"la-onu-pide-salvaguardar-de-la-violencia-las-elecciones-en-mexico","status":"publish","type":"post","link":"https:\/\/mediagroup.mx\/index.php\/2024\/03\/04\/la-onu-pide-salvaguardar-de-la-violencia-las-elecciones-en-mexico\/","title":{"rendered":"La ONU pide \u201csalvaguardar de la violencia\u201d las elecciones en M\u00e9xico"},"content":{"rendered":"<p style=\"text-align: justify;\">La carrera electoral rumbo a los comicios del pr\u00f3ximo 2 de junio ha dado comienzo. Este viernes arrancaron las\u00a0<a href=\"https:\/\/elpais.com\/mexico\/2024-03-01\/el-inicio-de-las-campanas-presidenciales-2024-en-imagenes.html\" data-link-track-dtm=\"\" data-mrf-link=\"https:\/\/elpais.com\/mexico\/2024-03-01\/el-inicio-de-las-campanas-presidenciales-2024-en-imagenes.html\">campa\u00f1as electorales<\/a>\u00a0para decidir al pr\u00f3ximo presidente de M\u00e9xico.\u00a0<a href=\"https:\/\/elpais.com\/mexico\/elecciones-mexicanas\/2024-03-02\/sheinbaum-abraza-los-proyectos-de-lopez-obrador-y-envia-un-mensaje-de-continuidad-vamos-a-cuidar-su-legado.html\" data-link-track-dtm=\"\" data-mrf-link=\"https:\/\/elpais.com\/mexico\/elecciones-mexicanas\/2024-03-02\/sheinbaum-abraza-los-proyectos-de-lopez-obrador-y-envia-un-mensaje-de-continuidad-vamos-a-cuidar-su-legado.html\">Claudia Sheinbaum<\/a>, la candidata oficialista de la coalici\u00f3n Sigamos Haciendo Historia -conformada por Morena, Partido del Trabajo y el Verde Ecologista- se mantiene como puntera en las encuestas, seguida por la candidata opositora, X\u00f3chitl G\u00e1lvez. En tanto, Jorge \u00c1lvarez M\u00e1ynez, el candidato de Movimiento Ciudadano (MC), se mantiene en tercer lugar.<\/p>\n<p class=\"\" style=\"text-align: justify;\">Los candidatos presidenciales han dado inicio a sus respectivas campa\u00f1as electorales.\u00a0<a href=\"https:\/\/elpais.com\/mexico\/elecciones-mexicanas\/2024-03-02\/el-tour-de-xochitl-galvez-contra-la-delincuencia-llega-a-territorio-panista-van-a-tener-a-la-presidenta-mas-valiente.html\" data-link-track-dtm=\"\" data-mrf-link=\"https:\/\/elpais.com\/mexico\/elecciones-mexicanas\/2024-03-02\/el-tour-de-xochitl-galvez-contra-la-delincuencia-llega-a-territorio-panista-van-a-tener-a-la-presidenta-mas-valiente.html\">X\u00f3chitl G\u00e1lvez arranc\u00f3 en Fresnillo (Zacatecas)<\/a>, la ciudad con mayor percepci\u00f3n de peligro del pa\u00eds.\u00a0<a href=\"https:\/\/elpais.com\/mexico\/elecciones-mexicanas\/2024-03-02\/alvarez-maynez-defiende-al-ejercito-en-un-inicio-de-campana-desangelado.html\" data-link-track-dtm=\"\" data-mrf-link=\"https:\/\/elpais.com\/mexico\/elecciones-mexicanas\/2024-03-02\/alvarez-maynez-defiende-al-ejercito-en-un-inicio-de-campana-desangelado.html\">\u00c1lvarez M\u00e1ynez inici\u00f3 en Lagos de Moreno<\/a>, un municipio con altos \u00edndices de inseguridad y violencia. Sheinbaum, por su parte, lo hizo en el Z\u00f3calo capitalino, a los pies del Palacio Nacional.<\/p>\n<p class=\"\" style=\"text-align: justify;\">Adem\u00e1s de la<a href=\"https:\/\/elpais.com\/mexico\/elecciones-mexicanas\/2024-03-04\/encuesta-la-inseguridad-la-corrupcion-y-la-economia-seran-los-temas-cruciales-de-la-campana-electoral.html\" data-link-track-dtm=\"\" data-mrf-link=\"https:\/\/elpais.com\/mexico\/elecciones-mexicanas\/2024-03-04\/encuesta-la-inseguridad-la-corrupcion-y-la-economia-seran-los-temas-cruciales-de-la-campana-electoral.html\">\u00a0presidencia de la Rep\u00fablica<\/a>, en este proceso electoral se renovar\u00e1n las gubernaturas de Chiapas, Guanajuato, Jalisco, Morelos, Puebla, Tabasco, Veracruz, Yucat\u00e1n y\u00a0<a href=\"https:\/\/elpais.com\/mexico\/elecciones-mexicanas\/2024-03-03\/sebastian-ramirez-jefe-de-campana-de-clara-brugada-solo-una-minoria-en-ciudad-de-mexico-es-de-derecha-clasista-y-racista.html\" data-link-track-dtm=\"\" data-mrf-link=\"https:\/\/elpais.com\/mexico\/elecciones-mexicanas\/2024-03-03\/sebastian-ramirez-jefe-de-campana-de-clara-brugada-solo-una-minoria-en-ciudad-de-mexico-es-de-derecha-clasista-y-racista.html\">Ciudad de M\u00e9xico<\/a>. El domingo 2 de junio de 2024 los mexicanos, residentes en el pa\u00eds o en el extranjero, est\u00e1n llamados a sufragar en la pr\u00f3xima contienda electoral. El pr\u00f3ximo Presidente de M\u00e9xico tomar\u00e1 posesi\u00f3n el 1 de octubre de 2024. Ese d\u00eda tambi\u00e9n asumir\u00e1n el cargo los diputados y senadores de la Rep\u00fablica.<\/p>\n","protected":false},"excerpt":{"rendered":"<p>La carrera electoral rumbo a los comicios del pr\u00f3ximo 2 de junio ha dado comienzo. Este viernes arrancaron las\u00a0campa\u00f1as electorales\u00a0para decidir al pr\u00f3ximo presidente de M\u00e9xico.\u00a0Claudia Sheinbaum, la candidata oficialista de la coalici\u00f3n Sigamos Haciendo Historia -conformada por Morena, Partido del Trabajo y el Verde Ecologista- se mantiene como puntera en las encuestas, seguida por [&hellip;]<\/p>\n","protected":false},"author":2,"featured_media":52763,"comment_status":"open","ping_status":"open","sticky":false,"template":"","format":"standard","meta":{"om_disable_all_campaigns":false,"_monsterinsights_skip_tracking":false,"_monsterinsights_sitenote_active":false,"_monsterinsights_sitenote_note":"","_monsterinsights_sitenote_category":0,"_uf_show_specific_survey":0,"_uf_disable_surveys":false,"_jetpack_memberships_contains_paid_content":false,"footnotes":"","jetpack_publicize_message":"","jetpack_publicize_feature_enabled":true,"jetpack_social_post_already_shared":true,"jetpack_social_options":{"image_generator_settings":{"template":"highway","default_image_id":0,"enabled":false},"version":2}},"categories":[23],"tags":[],"class_list":{"0":"post-52762","1":"post","2":"type-post","3":"status-publish","4":"format-standard","5":"has-post-thumbnail","7":"category-nacional"},"aioseo_notices":[],"jetpack_publicize_connections":[],"jetpack_featured_media_url":"https:\/\/mediagroup.mx\/wp-content\/uploads\/2024\/03\/Captura-de-pantalla-2024-03-04-a-las-15.35.40.png","jetpack_sharing_enabled":true,"_links":{"self":[{"href":"https:\/\/mediagroup.mx\/index.php\/wp-json\/wp\/v2\/posts\/52762","targetHints":{"allow":["GET"]}}],"collection":[{"href":"https:\/\/mediagroup.mx\/index.php\/wp-json\/wp\/v2\/posts"}],"about":[{"href":"https:\/\/mediagroup.mx\/index.php\/wp-json\/wp\/v2\/types\/post"}],"author":[{"embeddable":true,"href":"https:\/\/mediagroup.mx\/index.php\/wp-json\/wp\/v2\/users\/2"}],"replies":[{"embeddable":true,"href":"https:\/\/mediagroup.mx\/index.php\/wp-json\/wp\/v2\/comments?post=52762"}],"version-history":[{"count":2,"href":"https:\/\/mediagroup.mx\/index.php\/wp-json\/wp\/v2\/posts\/52762\/revisions"}],"predecessor-version":[{"id":52765,"href":"https:\/\/mediagroup.mx\/index.php\/wp-json\/wp\/v2\/posts\/52762\/revisions\/52765"}],"wp:featuredmedia":[{"embeddable":true,"href":"https:\/\/mediagroup.mx\/index.php\/wp-json\/wp\/v2\/media\/52763"}],"wp:attachment":[{"href":"https:\/\/mediagroup.mx\/index.php\/wp-json\/wp\/v2\/media?parent=52762"}],"wp:term":[{"taxonomy":"category","embeddable":true,"href":"https:\/\/mediagroup.mx\/index.php\/wp-json\/wp\/v2\/categories?post=52762"},{"taxonomy":"post_tag","embeddable":true,"href":"https:\/\/mediagroup.mx\/index.php\/wp-json\/wp\/v2\/tags?post=52762"}],"curies":[{"name":"wp","href":"https:\/\/api.w.org\/{rel}","templated":true}]}}