{"id":52878,"date":"2024-03-04T11:02:26","date_gmt":"2024-03-04T17:02:26","guid":{"rendered":"https:\/\/mediagroup.mx\/?p=52878"},"modified":"2024-03-31T11:03:49","modified_gmt":"2024-03-31T17:03:49","slug":"umsnh-forma-profesionales-de-enfermeria-eticos-y-humanistas","status":"publish","type":"post","link":"https:\/\/mediagroup.mx\/index.php\/2024\/03\/04\/umsnh-forma-profesionales-de-enfermeria-eticos-y-humanistas\/","title":{"rendered":"UMSNH forma profesionales de Enfermer\u00eda \u00e9ticos y humanistas"},"content":{"rendered":"<p><strong>Morelia, Michoac\u00e1n.-\u00a0<\/strong>La Universidad Michoacana de San Nicol\u00e1s de Hidalgo (UMSNH) est\u00e1 comprometida con la formaci\u00f3n de profesionales de Enfermer\u00eda \u00e9ticos y humanistas, con capacidad para desarrollarse en cualquier \u00e1mbito laboral del sector salud, apunt\u00f3 el secretario general, Javier Cervantes Rodr\u00edguez, durante la conmemoraci\u00f3n del 66 aniversario del programa educativo de T\u00e9cnico en Enfermer\u00eda.<\/p>\n<p>Con la representaci\u00f3n de la rectora Yarab\u00ed \u00c1vila Gonz\u00e1lez, el funcionario, sostuvo que esta carrera es una de las m\u00e1s nobles que ofrece la instituci\u00f3n, ya que tiene un trato a\u00fan m\u00e1s directo y tambi\u00e9n m\u00e1s humano con el sector de la poblaci\u00f3n m\u00e1s vulnerable en el \u00e1mbito de la salud.<\/p>\n<p>Record\u00f3 que fue en el a\u00f1o de 1958 cuando se cre\u00f3 la educaci\u00f3n formal de Enfermer\u00eda nivel T\u00e9cnico en la UMSNH, hoy en d\u00eda se\u00f1al\u00f3 que, es un programa educativo reconocido a nivel estatal y nacional por su calidad acad\u00e9mica y alta demanda estudiantil.<\/p>\n<p>Agreg\u00f3 que el plan de estudios es de excelencia por difundir el conocimiento en el cuidado integral de la salud contando con una acreditaci\u00f3n sostenida que atiende las necesidades sociales a trav\u00e9s de las acciones encaminadas al desarrollo de programas de car\u00e1cter institucional, docencia, vinculaci\u00f3n, extensi\u00f3n y difusi\u00f3n de la cultura, con la participaci\u00f3n de la comunidad de docentes, estudiantes y administrativos.<\/p>\n<p>Apunt\u00f3 que la Facultad de Salud P\u00fablica y Enfermer\u00eda, se ha fortalecido con la implementaci\u00f3n del nuevo programa educativo para el pr\u00f3ximo ciclo escolar, como es la Licenciatura en Trabajo Social, en este sentido precis\u00f3 que ya est\u00e1 publicada la convocatoria para quien aspire a estudiar dicha carrera.<\/p>\n<p>\u201cEstamos trabajando para una educaci\u00f3n integral para que tengamos no solamente profesionistas de calidad, sino seres humanos comprometidos con su comunidad, con la visi\u00f3n humanista que nos caracteriza\u201d.<\/p>\n<p>Cervantes Rodr\u00edguez felicit\u00f3 por un aniversario m\u00e1s, a la comunidad docente y administrativa de la instituci\u00f3n, as\u00ed como a las y los j\u00f3venes que estudian esta carrera, \u201cmi reconocimiento porque son ustedes los art\u00edfices diarios de una mejor sociedad, gracias por asumir su noble labor con tanto compromiso y entrega\u201d.<\/p>\n<p>Por su parte, la directora de la Facultad de Enfermer\u00eda y Salud P\u00fablica, Martha Patricia Morf\u00edn Gallegos, sostuvo que la carrera de T\u00e9cnico en Enfermer\u00eda se reacredita en el a\u00f1o 2015 y en 2022 por parte del Consejo Mexicano para la Acreditaci\u00f3n de Enfermer\u00eda A.C. (COMACE), y agreg\u00f3 se contin\u00faa trabajando en la mejora continua con la finalidad de seguir fortaleciendo con calidad dicho programa educativo y lograr los alcances de una formaci\u00f3n con responsabilidad social.<\/p>\n<p>\u201cIniciamos los trabajos de reacreditaci\u00f3n a trav\u00e9s de la solicitud del proceso de evaluaci\u00f3n para la atenci\u00f3n de la opini\u00f3n t\u00e9cnico favorable por medio de la Comisi\u00f3n Interinstitucional para la Formaci\u00f3n de Recursos Humanos para la Salud (CIFRHS)\u201d.<\/p>\n<p>En este marco, reconoci\u00f3 la labor de la planta docente y a las y los estudiantes por asistir a los cursos de capacitaci\u00f3n y actualizaci\u00f3n para buscar herramientas digitales. De igual forma, destac\u00f3 la creaci\u00f3n de la Licenciatura en Trabajo Social, que depender\u00e1 de la facultad a su cargo. Finalmente felicit\u00f3 a la comunidad de la carrera de Enfermer\u00eda nivel T\u00e9cnico por el 66 aniversario de su fundaci\u00f3n, \u201corgullo nicolaita por su gran trayectoria acad\u00e9mica\u201d.<\/p>\n<p>El aniversario del programa educativo sirvi\u00f3 de marco para la entrega de reconocimientos a profesoras, profesores y personal administrativo por su trayectoria, y a las y los estudiantes con mejor promedio.<\/p>\n<p>Durante el evento tambi\u00e9n estuvo presente el secretario Acad\u00e9mico de la UMSNH, Antonio Ramos Paz y los directores y directora de las facultades del \u00e1rea de la Salud de la instituci\u00f3n.<\/p>\n","protected":false},"excerpt":{"rendered":"<p>Morelia, Michoac\u00e1n.-\u00a0La Universidad Michoacana de San Nicol\u00e1s de Hidalgo (UMSNH) est\u00e1 comprometida con la formaci\u00f3n de profesionales de Enfermer\u00eda \u00e9ticos y humanistas, con capacidad para desarrollarse en cualquier \u00e1mbito laboral del sector salud, apunt\u00f3 el secretario general, Javier Cervantes Rodr\u00edguez, durante la conmemoraci\u00f3n del 66 aniversario del programa educativo de T\u00e9cnico en Enfermer\u00eda. Con la [&hellip;]<\/p>\n","protected":false},"author":1,"featured_media":52879,"comment_status":"open","ping_status":"open","sticky":false,"template":"","format":"standard","meta":{"om_disable_all_campaigns":false,"_monsterinsights_skip_tracking":false,"_monsterinsights_sitenote_active":false,"_monsterinsights_sitenote_note":"","_monsterinsights_sitenote_category":0,"_uf_show_specific_survey":0,"_uf_disable_surveys":false,"_jetpack_memberships_contains_paid_content":false,"footnotes":"","jetpack_publicize_message":"","jetpack_publicize_feature_enabled":true,"jetpack_social_post_already_shared":true,"jetpack_social_options":{"image_generator_settings":{"template":"highway","default_image_id":0,"enabled":false},"version":2}},"categories":[22],"tags":[],"class_list":{"0":"post-52878","1":"post","2":"type-post","3":"status-publish","4":"format-standard","5":"has-post-thumbnail","7":"category-educacion"},"aioseo_notices":[],"jetpack_publicize_connections":[],"jetpack_featured_media_url":"https:\/\/mediagroup.mx\/wp-content\/uploads\/2024\/03\/UMSNH-forma-profesionales-de-Enfermeria-eticos-y-humanistas-.jpeg","jetpack_sharing_enabled":true,"_links":{"self":[{"href":"https:\/\/mediagroup.mx\/index.php\/wp-json\/wp\/v2\/posts\/52878","targetHints":{"allow":["GET"]}}],"collection":[{"href":"https:\/\/mediagroup.mx\/index.php\/wp-json\/wp\/v2\/posts"}],"about":[{"href":"https:\/\/mediagroup.mx\/index.php\/wp-json\/wp\/v2\/types\/post"}],"author":[{"embeddable":true,"href":"https:\/\/mediagroup.mx\/index.php\/wp-json\/wp\/v2\/users\/1"}],"replies":[{"embeddable":true,"href":"https:\/\/mediagroup.mx\/index.php\/wp-json\/wp\/v2\/comments?post=52878"}],"version-history":[{"count":1,"href":"https:\/\/mediagroup.mx\/index.php\/wp-json\/wp\/v2\/posts\/52878\/revisions"}],"predecessor-version":[{"id":52880,"href":"https:\/\/mediagroup.mx\/index.php\/wp-json\/wp\/v2\/posts\/52878\/revisions\/52880"}],"wp:featuredmedia":[{"embeddable":true,"href":"https:\/\/mediagroup.mx\/index.php\/wp-json\/wp\/v2\/media\/52879"}],"wp:attachment":[{"href":"https:\/\/mediagroup.mx\/index.php\/wp-json\/wp\/v2\/media?parent=52878"}],"wp:term":[{"taxonomy":"category","embeddable":true,"href":"https:\/\/mediagroup.mx\/index.php\/wp-json\/wp\/v2\/categories?post=52878"},{"taxonomy":"post_tag","embeddable":true,"href":"https:\/\/mediagroup.mx\/index.php\/wp-json\/wp\/v2\/tags?post=52878"}],"curies":[{"name":"wp","href":"https:\/\/api.w.org\/{rel}","templated":true}]}}