{"id":52887,"date":"2024-03-06T11:08:38","date_gmt":"2024-03-06T17:08:38","guid":{"rendered":"https:\/\/mediagroup.mx\/?p=52887"},"modified":"2024-03-31T11:10:46","modified_gmt":"2024-03-31T17:10:46","slug":"umsnh-reconoce-contribucion-de-la-compositora-guadalupe-olmedo-develan-placa-en-su-honor","status":"publish","type":"post","link":"https:\/\/mediagroup.mx\/index.php\/2024\/03\/06\/umsnh-reconoce-contribucion-de-la-compositora-guadalupe-olmedo-develan-placa-en-su-honor\/","title":{"rendered":"UMSNH reconoce contribuci\u00f3n de la compositora Guadalupe Olmedo; develan placa en su honor"},"content":{"rendered":"<p><strong>Morelia, Michoac\u00e1n.-<\/strong> Al develar una placa en honor a la compositora Guadalupe Olmedo, en el aula de la trayectoria de M\u00fasica del Colegio Primitivo y Nacional de San Nicol\u00e1s de Hidalgo, la rectora de la Universidad Michoacana, Yarab\u00ed \u00c1vila Gonz\u00e1lez, destac\u00f3 la importancia de que las actividades art\u00edsticas y culturales sean parte de la formaci\u00f3n integral de las y los estudiantes.<\/p>\n<p>Con la presencia del alumnado, la rectora manifest\u00f3 su satisfacci\u00f3n por asistir a esta actividad, al se\u00f1alar que la m\u00fasica, la poes\u00eda y la oratoria siempre generan sensibilidad en las personas y es lo que necesitan los seres humanos.<\/p>\n<p>Comparti\u00f3 con el estudiantado su afici\u00f3n por aprender a tocar instrumentos musicales desde que estaba en la preparatoria hasta la actualidad, al tiempo que invit\u00f3 a las y los alumnos a aprovechar esta etapa al se\u00f1alar que, si determinan seguir m\u00e1s adelante con una carrera que no est\u00e9 relacionada con esta disciplina, no olviden el arte y la m\u00fasica.<\/p>\n<p>\u201cLos felicito por estar en estas actividades que les ayudan a so\u00f1ar en cosas m\u00e1s grandes\u201d.<\/p>\n<p>De igual forma, coment\u00f3 que la UMSNH cuenta con diversos programas en Radio Nicolaita que dijo, est\u00e1n abiertos para que las y los j\u00f3venes participen y compartan su experiencia.<\/p>\n<p>Por su parte, la regente del Colegio Primitivo y Nacional de San Nicol\u00e1s de Hidalgo, Janeth Morales Cort\u00e9s, sostuvo que es importante acondicionar espacios donde las y los alumnos puedan realizar actividades art\u00edsticas.<\/p>\n<p>Reconoci\u00f3 a las estudiantes por su propuesta para que el aula se llame Guadalupe Olmedo, tras referir que todos los nombres de las aulas en el plantel han sido de hombres, hasta el d\u00eda de hoy que llevar\u00e1 el nombre de la celebre compositora.<\/p>\n<p>En representaci\u00f3n de las y los alumnos de la trayectoria de M\u00fasica, Itzia Sarah\u00ed Contreras Ortiz, realiz\u00f3 una rese\u00f1a de la vida de la compositora mexicana Guadalupe Olmedo, quien dijo, a lo largo de su carrera dej\u00f3 una huella significativa en el mundo de la m\u00fasica, especialmente en el \u00e1mbito de la m\u00fasica cl\u00e1sica y contempor\u00e1nea.<\/p>\n<p>Agreg\u00f3 que ha sido aclamada tanto a nivel nacional como internacional y su legado hoy en d\u00eda sigue inspirando a m\u00fasicos de todo el mundo.<\/p>\n<p>\u201cGuadalupe Olmedo es una figura emblem\u00e1tica en la historia de la m\u00fasica mexicana cuyo talento y dedicaci\u00f3n merecen ser celebrados arrojando luz sobre su vida y obra, y que el nombre de Guadalupe Olmedo en este sal\u00f3n nos recuerde siempre su invaluable contribuci\u00f3n en el mundo de la m\u00fasica y en la fuerza de la mujer\u201d.<\/p>\n<p>Durante el evento tambi\u00e9n estuvo presente el profesor de la trayectoria de M\u00fasica en la instituci\u00f3n, Sinuh\u00e9 Fernando Meza Ram\u00edrez, as\u00ed como la comunidad estudiantil del Colegio.<\/p>\n","protected":false},"excerpt":{"rendered":"<p>Morelia, Michoac\u00e1n.- Al develar una placa en honor a la compositora Guadalupe Olmedo, en el aula de la trayectoria de M\u00fasica del Colegio Primitivo y Nacional de San Nicol\u00e1s de Hidalgo, la rectora de la Universidad Michoacana, Yarab\u00ed \u00c1vila Gonz\u00e1lez, destac\u00f3 la importancia de que las actividades art\u00edsticas y culturales sean parte de la formaci\u00f3n [&hellip;]<\/p>\n","protected":false},"author":1,"featured_media":52888,"comment_status":"open","ping_status":"open","sticky":false,"template":"","format":"standard","meta":{"om_disable_all_campaigns":false,"_monsterinsights_skip_tracking":false,"_monsterinsights_sitenote_active":false,"_monsterinsights_sitenote_note":"","_monsterinsights_sitenote_category":0,"_uf_show_specific_survey":0,"_uf_disable_surveys":false,"_jetpack_memberships_contains_paid_content":false,"footnotes":"","jetpack_publicize_message":"","jetpack_publicize_feature_enabled":true,"jetpack_social_post_already_shared":true,"jetpack_social_options":{"image_generator_settings":{"template":"highway","default_image_id":0,"enabled":false},"version":2}},"categories":[22],"tags":[],"class_list":{"0":"post-52887","1":"post","2":"type-post","3":"status-publish","4":"format-standard","5":"has-post-thumbnail","7":"category-educacion"},"aioseo_notices":[],"jetpack_publicize_connections":[],"jetpack_featured_media_url":"https:\/\/mediagroup.mx\/wp-content\/uploads\/2024\/03\/UMSNH-reconoce-contribucion-de-la-compositora-Guadalupe-Olmedo-develan-placa-en-su-honor--scaled-e1711905026868.jpeg","jetpack_sharing_enabled":true,"_links":{"self":[{"href":"https:\/\/mediagroup.mx\/index.php\/wp-json\/wp\/v2\/posts\/52887","targetHints":{"allow":["GET"]}}],"collection":[{"href":"https:\/\/mediagroup.mx\/index.php\/wp-json\/wp\/v2\/posts"}],"about":[{"href":"https:\/\/mediagroup.mx\/index.php\/wp-json\/wp\/v2\/types\/post"}],"author":[{"embeddable":true,"href":"https:\/\/mediagroup.mx\/index.php\/wp-json\/wp\/v2\/users\/1"}],"replies":[{"embeddable":true,"href":"https:\/\/mediagroup.mx\/index.php\/wp-json\/wp\/v2\/comments?post=52887"}],"version-history":[{"count":1,"href":"https:\/\/mediagroup.mx\/index.php\/wp-json\/wp\/v2\/posts\/52887\/revisions"}],"predecessor-version":[{"id":52889,"href":"https:\/\/mediagroup.mx\/index.php\/wp-json\/wp\/v2\/posts\/52887\/revisions\/52889"}],"wp:featuredmedia":[{"embeddable":true,"href":"https:\/\/mediagroup.mx\/index.php\/wp-json\/wp\/v2\/media\/52888"}],"wp:attachment":[{"href":"https:\/\/mediagroup.mx\/index.php\/wp-json\/wp\/v2\/media?parent=52887"}],"wp:term":[{"taxonomy":"category","embeddable":true,"href":"https:\/\/mediagroup.mx\/index.php\/wp-json\/wp\/v2\/categories?post=52887"},{"taxonomy":"post_tag","embeddable":true,"href":"https:\/\/mediagroup.mx\/index.php\/wp-json\/wp\/v2\/tags?post=52887"}],"curies":[{"name":"wp","href":"https:\/\/api.w.org\/{rel}","templated":true}]}}