{"id":53062,"date":"2024-04-02T11:40:10","date_gmt":"2024-04-02T17:40:10","guid":{"rendered":"https:\/\/mediagroup.mx\/?p=53062"},"modified":"2024-04-02T11:40:10","modified_gmt":"2024-04-02T17:40:10","slug":"onu-dh-pide-mecanismos-de-busqueda-inmediatos-tras-caso-camila","status":"publish","type":"post","link":"https:\/\/mediagroup.mx\/index.php\/2024\/04\/02\/onu-dh-pide-mecanismos-de-busqueda-inmediatos-tras-caso-camila\/","title":{"rendered":"ONU-DH pide mecanismos de b\u00fasqueda inmediatos tras Caso Camila"},"content":{"rendered":"<p class=\"jsx-3954459878\" style=\"text-align: justify;\">La Oficina en M\u00e9xico del Alto Comisionado de las Naciones Unidas para los Derechos Humanos (<strong>ONU DH M\u00e9xico<\/strong>) expres\u00f3 su consternaci\u00f3n por la desaparici\u00f3n y posterior\u00a0<a href=\"https:\/\/www.eleconomista.com.mx\/politica\/Caso-Camila-Feminicidio-y-linchamiento-en-Taxco-evidencia-fractura-del-tejido-social-senala-Iglesia-Catolica-20240331-0020.html\" target=\"_blank\" rel=\"noopener\" data-mrf-link=\"https:\/\/www.eleconomista.com.mx\/politica\/Caso-Camila-Feminicidio-y-linchamiento-en-Taxco-evidencia-fractura-del-tejido-social-senala-Iglesia-Catolica-20240331-0020.html\">asesinato de la ni\u00f1a Camila<\/a>\u00a0en\u00a0<strong>Taxco<\/strong>,\u00a0<strong>Guerrero<\/strong>.<\/p>\n<p class=\"jsx-3954459878\" style=\"text-align: justify;\">A trav\u00e9s de un posteo en redes sociales, la ONU DH M\u00e9xico reiter\u00f3 la importancia de contar con\u00a0<strong>mecanismos de b\u00fasqueda inmediatos<\/strong>, actuar con la debida diligencia, garantizar una acci\u00f3n coordinada y responder de forma pronta ante hechos de esta naturaleza, velando siempre por la protecci\u00f3n especial que merecen las ni\u00f1as.<\/p>\n<p class=\"jsx-3954459878\" style=\"text-align: justify;\">Tambi\u00e9n, se enfatiz\u00f3 que la prevenci\u00f3n, la\u00a0<strong>b\u00fasqueda y el acceso a la justicia<\/strong>\u00a0son responsabilidad de las autoridades; por otro lado, la organizaci\u00f3n extendi\u00f3 sus condolencias y solidaridad a la familia de Camila y a toda la sociedad que ha sido impactada por este lamentable crimen.<\/p>\n<p class=\"jsx-3954459878\" style=\"text-align: justify;\">\u201cReprobamos las expresiones de quienes han pretendido responsabilizar a la madre de Camila por lo sucedido. Somos conscientes del dolor y la frustraci\u00f3n de sectores de la sociedad ante la pasividad de las autoridades. Al igual que la madre de Camila, reprobamos el linchamiento. Reiteramos que un linchamiento no es un acto de justica sino de barbarie\u201d, indic\u00f3 la dependencia de las Naciones Unidas.<\/p>\n<p class=\"jsx-3954459878\" style=\"text-align: justify;\">La\u00a0<a href=\"https:\/\/www.eleconomista.com.mx\/politica\/Tras-linchamiento-en-Taxco-Evelyn-Salgado-pide-investigacion-por-secuestro-y-feminicidio-de-nina-Camila-20240329-0025.html\" target=\"_blank\" rel=\"noopener\" data-mrf-link=\"https:\/\/www.eleconomista.com.mx\/politica\/Tras-linchamiento-en-Taxco-Evelyn-Salgado-pide-investigacion-por-secuestro-y-feminicidio-de-nina-Camila-20240329-0025.html\">semana pasada<\/a>, los residentes de\u00a0<strong>Taxco<\/strong>,\u00a0<strong>Guerrero<\/strong>, lincharon a la presunta asesina de la menor de ocho a\u00f1os de edad, quien fue encontrada estrangulada despu\u00e9s de haber sido secuestrada.<\/p>\n<h2 class=\"jsx-1282840227\" style=\"text-align: justify;\">No descarta que el caso lo tome la FGR<\/h2>\n<p class=\"jsx-3954459878\" style=\"text-align: justify;\">El presidente Andr\u00e9s Manuel L\u00f3pez Obrador inform\u00f3 que las autoridades evaluar\u00e1n si el caso del asesinato de la menor sea tomado por la\u00a0<strong>Fiscal\u00eda General de la Rep\u00fablica<\/strong>.<\/p>\n<p class=\"jsx-3954459878\" style=\"text-align: justify;\">\u201cDesde luego, la autoridad va a actuar, est\u00e1 actuando y lo va a seguir haciendo. Esto corresponde a las autoridades municipales, a la autoridad del estado y se va a ver si es necesaria la intervenci\u00f3n de la Fiscal\u00eda General de la Rep\u00fablica. Pero ma\u00f1ana vamos a responder sobre esto\u201d, dijo el mandatario durante la conferencia de prensa matutina de este lunes, 1 de abril.<\/p>\n<p class=\"jsx-3954459878\" style=\"text-align: justify;\">Adem\u00e1s, indic\u00f3 que el martes, 2 de abril, el gabinete de seguridad proporcionar\u00e1 un informe detallado sobre el incidente.<\/p>\n<p style=\"text-align: justify;\">\u201cMa\u00f1ana (martes) van a estar aqu\u00ed los integrantes del Gabinete de Seguridad y ellos van a dar un informe general sobre todo lo que aconteci\u00f3: desde que sali\u00f3 la ni\u00f1a de su casa, cuando la encontraron, las \u00f3rdenes de detenci\u00f3n, los actos estos de ajusticiamiento o linchamiento, y todos los antecedentes; qu\u00e9 se ha investigado y qu\u00e9 se est\u00e1 haciendo\u201d, dijo.<\/p>\n<p>Con informaci\u00f3n de: El Economista<\/p>\n","protected":false},"excerpt":{"rendered":"<p>La Oficina en M\u00e9xico del Alto Comisionado de las Naciones Unidas para los Derechos Humanos (ONU DH M\u00e9xico) expres\u00f3 su consternaci\u00f3n por la desaparici\u00f3n y posterior\u00a0asesinato de la ni\u00f1a Camila\u00a0en\u00a0Taxco,\u00a0Guerrero. A trav\u00e9s de un posteo en redes sociales, la ONU DH M\u00e9xico reiter\u00f3 la importancia de contar con\u00a0mecanismos de b\u00fasqueda inmediatos, actuar con la debida [&hellip;]<\/p>\n","protected":false},"author":2,"featured_media":53063,"comment_status":"open","ping_status":"open","sticky":false,"template":"","format":"standard","meta":{"om_disable_all_campaigns":false,"_monsterinsights_skip_tracking":false,"_monsterinsights_sitenote_active":false,"_monsterinsights_sitenote_note":"","_monsterinsights_sitenote_category":0,"_uf_show_specific_survey":0,"_uf_disable_surveys":false,"_jetpack_memberships_contains_paid_content":false,"footnotes":"","jetpack_publicize_message":"","jetpack_publicize_feature_enabled":true,"jetpack_social_post_already_shared":true,"jetpack_social_options":{"image_generator_settings":{"template":"highway","default_image_id":0,"enabled":false},"version":2}},"categories":[18,23],"tags":[],"class_list":{"0":"post-53062","1":"post","2":"type-post","3":"status-publish","4":"format-standard","5":"has-post-thumbnail","7":"category-internacional","8":"category-nacional"},"aioseo_notices":[],"jetpack_publicize_connections":[],"jetpack_featured_media_url":"https:\/\/mediagroup.mx\/wp-content\/uploads\/2024\/04\/Captura-de-pantalla-2024-04-02-a-las-11.37.50.png","jetpack_sharing_enabled":true,"_links":{"self":[{"href":"https:\/\/mediagroup.mx\/index.php\/wp-json\/wp\/v2\/posts\/53062","targetHints":{"allow":["GET"]}}],"collection":[{"href":"https:\/\/mediagroup.mx\/index.php\/wp-json\/wp\/v2\/posts"}],"about":[{"href":"https:\/\/mediagroup.mx\/index.php\/wp-json\/wp\/v2\/types\/post"}],"author":[{"embeddable":true,"href":"https:\/\/mediagroup.mx\/index.php\/wp-json\/wp\/v2\/users\/2"}],"replies":[{"embeddable":true,"href":"https:\/\/mediagroup.mx\/index.php\/wp-json\/wp\/v2\/comments?post=53062"}],"version-history":[{"count":1,"href":"https:\/\/mediagroup.mx\/index.php\/wp-json\/wp\/v2\/posts\/53062\/revisions"}],"predecessor-version":[{"id":53064,"href":"https:\/\/mediagroup.mx\/index.php\/wp-json\/wp\/v2\/posts\/53062\/revisions\/53064"}],"wp:featuredmedia":[{"embeddable":true,"href":"https:\/\/mediagroup.mx\/index.php\/wp-json\/wp\/v2\/media\/53063"}],"wp:attachment":[{"href":"https:\/\/mediagroup.mx\/index.php\/wp-json\/wp\/v2\/media?parent=53062"}],"wp:term":[{"taxonomy":"category","embeddable":true,"href":"https:\/\/mediagroup.mx\/index.php\/wp-json\/wp\/v2\/categories?post=53062"},{"taxonomy":"post_tag","embeddable":true,"href":"https:\/\/mediagroup.mx\/index.php\/wp-json\/wp\/v2\/tags?post=53062"}],"curies":[{"name":"wp","href":"https:\/\/api.w.org\/{rel}","templated":true}]}}