{"id":53075,"date":"2024-04-02T13:43:37","date_gmt":"2024-04-02T19:43:37","guid":{"rendered":"https:\/\/mediagroup.mx\/?p=53075"},"modified":"2024-04-02T13:43:37","modified_gmt":"2024-04-02T19:43:37","slug":"que-el-fonden-tenga-suficiencia-presupuestal-sera-una-prioridad-araceli-saucedo","status":"publish","type":"post","link":"https:\/\/mediagroup.mx\/index.php\/2024\/04\/02\/que-el-fonden-tenga-suficiencia-presupuestal-sera-una-prioridad-araceli-saucedo\/","title":{"rendered":"Que el FONDEN tenga suficiencia presupuestal ser\u00e1 una prioridad: Araceli Saucedo"},"content":{"rendered":"<div style=\"text-align: justify;\">Que el Fondo de Desastres Naturales cuente con la suficiencia presupuestal que requiere para hacer frente a las terribles contingencias naturales generadas por el cambio clim\u00e1tico, ser\u00e1 una prioridad, recalc\u00f3 la candidata al Senado de la Rep\u00fablica por la Coalici\u00f3n Fuerza y Coraz\u00f3n por M\u00e9xico, Araceli Saucedo Reyes.<\/div>\n<div style=\"text-align: justify;\"><\/div>\n<div style=\"text-align: justify;\">La candidata apunt\u00f3 que la crisis que se vive en nuestros bosques con los incendios agravados por la temporada de calor, ha evidenciado que las autoridades est\u00e1n rebasadas en sus capacidades para hacer frente a la problem\u00e1tica.<\/div>\n<div style=\"text-align: justify;\"><\/div>\n<div style=\"text-align: justify;\">\u201cLa decisi\u00f3n del Gobierno de la Rep\u00fablica de suprimir el fideicomiso que garantizaba recursos para la operaci\u00f3n del FONDEN ha evidenciado ser uno de los muchos errores de esta administraci\u00f3n, en donde la falta de una respuesta inmediata y efectiva de las autoridades ha cobrado vidas, ah\u00ed tenemos el caso de lo que ocurri\u00f3 en Guerrero con el hurac\u00e1n Otis, y lo que ahora vemos con la cantidad de incendios forestales\u201d.<\/div>\n<div style=\"text-align: justify;\"><\/div>\n<div style=\"text-align: justify;\">Araceli Saucedo calific\u00f3 de inadmisible y mezquino el escatimar recursos para la atenci\u00f3n de v\u00edctimas y territorios del pa\u00eds afectados por los desastres naturales, por lo que consider\u00f3 preciso actuar con toda determinaci\u00f3n para poner alto a quienes de discurso dicen apoyar al pueblo y en los hechos lo dejan a su suerte y niegan atenci\u00f3n a las v\u00edctimas.<\/div>\n<div style=\"text-align: justify;\"><\/div>\n<div style=\"text-align: justify;\">\u201cAnteriormente los estados pod\u00edan solicitar el apoyo del FONDEN en los desastres propiciados por los incendios forestales, el procedimiento era \u00e1gil y se le daba el seguimiento necesario, hoy la respuesta queda a contentillo de las autoridades en turno, y a esperar que \u00e9stas busquen de d\u00f3nde pueden jalar recursos\u201d.<\/div>\n<div style=\"text-align: justify;\"><\/div>\n<div style=\"text-align: justify;\">Por ello la candidata recalc\u00f3 que desde el Senado habr\u00e1 de trabajar para revivir en nuestro marco normativo al FONDEN, garantizando suficiencia presupuestal, reglas de operaci\u00f3n clara, y su eficiencia para una respuesta inmediata.<\/div>\n","protected":false},"excerpt":{"rendered":"<p>Que el Fondo de Desastres Naturales cuente con la suficiencia presupuestal que requiere para hacer frente a las terribles contingencias naturales generadas por el cambio clim\u00e1tico, ser\u00e1 una prioridad, recalc\u00f3 la candidata al Senado de la Rep\u00fablica por la Coalici\u00f3n Fuerza y Coraz\u00f3n por M\u00e9xico, Araceli Saucedo Reyes. La candidata apunt\u00f3 que la crisis que [&hellip;]<\/p>\n","protected":false},"author":2,"featured_media":53076,"comment_status":"open","ping_status":"open","sticky":false,"template":"","format":"standard","meta":{"om_disable_all_campaigns":false,"_monsterinsights_skip_tracking":false,"_monsterinsights_sitenote_active":false,"_monsterinsights_sitenote_note":"","_monsterinsights_sitenote_category":0,"_uf_show_specific_survey":0,"_uf_disable_surveys":false,"_jetpack_memberships_contains_paid_content":false,"footnotes":"","jetpack_publicize_message":"","jetpack_publicize_feature_enabled":true,"jetpack_social_post_already_shared":true,"jetpack_social_options":{"image_generator_settings":{"template":"highway","default_image_id":0,"enabled":false},"version":2}},"categories":[15],"tags":[],"class_list":{"0":"post-53075","1":"post","2":"type-post","3":"status-publish","4":"format-standard","5":"has-post-thumbnail","7":"category-michoacan"},"aioseo_notices":[],"jetpack_publicize_connections":[],"jetpack_featured_media_url":"https:\/\/mediagroup.mx\/wp-content\/uploads\/2024\/04\/WhatsApp-Image-2024-04-02-at-12.47.27-PM.jpeg","jetpack_sharing_enabled":true,"_links":{"self":[{"href":"https:\/\/mediagroup.mx\/index.php\/wp-json\/wp\/v2\/posts\/53075","targetHints":{"allow":["GET"]}}],"collection":[{"href":"https:\/\/mediagroup.mx\/index.php\/wp-json\/wp\/v2\/posts"}],"about":[{"href":"https:\/\/mediagroup.mx\/index.php\/wp-json\/wp\/v2\/types\/post"}],"author":[{"embeddable":true,"href":"https:\/\/mediagroup.mx\/index.php\/wp-json\/wp\/v2\/users\/2"}],"replies":[{"embeddable":true,"href":"https:\/\/mediagroup.mx\/index.php\/wp-json\/wp\/v2\/comments?post=53075"}],"version-history":[{"count":1,"href":"https:\/\/mediagroup.mx\/index.php\/wp-json\/wp\/v2\/posts\/53075\/revisions"}],"predecessor-version":[{"id":53077,"href":"https:\/\/mediagroup.mx\/index.php\/wp-json\/wp\/v2\/posts\/53075\/revisions\/53077"}],"wp:featuredmedia":[{"embeddable":true,"href":"https:\/\/mediagroup.mx\/index.php\/wp-json\/wp\/v2\/media\/53076"}],"wp:attachment":[{"href":"https:\/\/mediagroup.mx\/index.php\/wp-json\/wp\/v2\/media?parent=53075"}],"wp:term":[{"taxonomy":"category","embeddable":true,"href":"https:\/\/mediagroup.mx\/index.php\/wp-json\/wp\/v2\/categories?post=53075"},{"taxonomy":"post_tag","embeddable":true,"href":"https:\/\/mediagroup.mx\/index.php\/wp-json\/wp\/v2\/tags?post=53075"}],"curies":[{"name":"wp","href":"https:\/\/api.w.org\/{rel}","templated":true}]}}