{"id":53081,"date":"2024-04-02T14:17:09","date_gmt":"2024-04-02T20:17:09","guid":{"rendered":"https:\/\/mediagroup.mx\/?p=53081"},"modified":"2024-04-02T14:17:09","modified_gmt":"2024-04-02T20:17:09","slug":"mano-a-mano-de-morena-realiza-manifestacion-en-contra-de-la-candidatura-de-carlos-torres-pina","status":"publish","type":"post","link":"https:\/\/mediagroup.mx\/index.php\/2024\/04\/02\/mano-a-mano-de-morena-realiza-manifestacion-en-contra-de-la-candidatura-de-carlos-torres-pina\/","title":{"rendered":"\u201cMano a Mano\u00bb de MORENA realiza manifestaci\u00f3n en contra de la candidatura de Carlos Torres Pi\u00f1a\u201d"},"content":{"rendered":"<p style=\"text-align: justify;\">La agrupaci\u00f3n ciudadana Mano a Mano, se manifest\u00f3 para rechazar la planilla de Morena y su candidato Carlos Torres Pi\u00f1a.<\/p>\n<p style=\"text-align: justify;\">Por medio de una concentraci\u00f3n pac\u00edfica en las inmediaciones del Comit\u00e9 Estatal de MORENA, ubicado en la Av. Camelinas, los acompa\u00f1antes de la agrupaci\u00f3n se hicieron escuchar levantando cartulinas con insignias protestantes, repartiendo volantes e invitando a m\u00e1s personas a unirse a ellos.<\/p>\n<p style=\"text-align: justify;\">Al respecto, Alejandro Mercado, Coordinador Estatal de Mano a Mano, coment\u00f3 que las exigencias de la militancia son abrir una mesa de di\u00e1logo para presentar sus inconformidades, ya que comentan que no est\u00e1n siendo integrados en la planilla los diferentes cuadros de MORENA, siendo que ellos son de los cuadros m\u00e1s grandes de la ciudad y no est\u00e1n siendo tomados en cuenta.<\/p>\n<p style=\"text-align: justify;\">El coordinador de Mano a Mano se\u00f1al\u00f3 que la manifestaci\u00f3n continuar\u00e1 hasta que la delegaci\u00f3n estatal de MORENA decida abrir la mesa de di\u00e1logo.<\/p>\n","protected":false},"excerpt":{"rendered":"<p>La agrupaci\u00f3n ciudadana Mano a Mano, se manifest\u00f3 para rechazar la planilla de Morena y su candidato Carlos Torres Pi\u00f1a. Por medio de una concentraci\u00f3n pac\u00edfica en las inmediaciones del Comit\u00e9 Estatal de MORENA, ubicado en la Av. Camelinas, los acompa\u00f1antes de la agrupaci\u00f3n se hicieron escuchar levantando cartulinas con insignias protestantes, repartiendo volantes e [&hellip;]<\/p>\n","protected":false},"author":2,"featured_media":53082,"comment_status":"open","ping_status":"open","sticky":false,"template":"","format":"standard","meta":{"om_disable_all_campaigns":false,"_monsterinsights_skip_tracking":false,"_monsterinsights_sitenote_active":false,"_monsterinsights_sitenote_note":"","_monsterinsights_sitenote_category":0,"_uf_show_specific_survey":0,"_uf_disable_surveys":false,"_jetpack_memberships_contains_paid_content":false,"footnotes":"","jetpack_publicize_message":"","jetpack_publicize_feature_enabled":true,"jetpack_social_post_already_shared":true,"jetpack_social_options":{"image_generator_settings":{"template":"highway","default_image_id":0,"enabled":false},"version":2}},"categories":[17],"tags":[],"class_list":{"0":"post-53081","1":"post","2":"type-post","3":"status-publish","4":"format-standard","5":"has-post-thumbnail","7":"category-morelia"},"aioseo_notices":[],"jetpack_publicize_connections":[],"jetpack_featured_media_url":"https:\/\/mediagroup.mx\/wp-content\/uploads\/2024\/04\/Captura-de-pantalla-2024-04-02-a-las-14.15.31.png","jetpack_sharing_enabled":true,"_links":{"self":[{"href":"https:\/\/mediagroup.mx\/index.php\/wp-json\/wp\/v2\/posts\/53081","targetHints":{"allow":["GET"]}}],"collection":[{"href":"https:\/\/mediagroup.mx\/index.php\/wp-json\/wp\/v2\/posts"}],"about":[{"href":"https:\/\/mediagroup.mx\/index.php\/wp-json\/wp\/v2\/types\/post"}],"author":[{"embeddable":true,"href":"https:\/\/mediagroup.mx\/index.php\/wp-json\/wp\/v2\/users\/2"}],"replies":[{"embeddable":true,"href":"https:\/\/mediagroup.mx\/index.php\/wp-json\/wp\/v2\/comments?post=53081"}],"version-history":[{"count":1,"href":"https:\/\/mediagroup.mx\/index.php\/wp-json\/wp\/v2\/posts\/53081\/revisions"}],"predecessor-version":[{"id":53083,"href":"https:\/\/mediagroup.mx\/index.php\/wp-json\/wp\/v2\/posts\/53081\/revisions\/53083"}],"wp:featuredmedia":[{"embeddable":true,"href":"https:\/\/mediagroup.mx\/index.php\/wp-json\/wp\/v2\/media\/53082"}],"wp:attachment":[{"href":"https:\/\/mediagroup.mx\/index.php\/wp-json\/wp\/v2\/media?parent=53081"}],"wp:term":[{"taxonomy":"category","embeddable":true,"href":"https:\/\/mediagroup.mx\/index.php\/wp-json\/wp\/v2\/categories?post=53081"},{"taxonomy":"post_tag","embeddable":true,"href":"https:\/\/mediagroup.mx\/index.php\/wp-json\/wp\/v2\/tags?post=53081"}],"curies":[{"name":"wp","href":"https:\/\/api.w.org\/{rel}","templated":true}]}}