{"id":53084,"date":"2024-04-02T15:24:43","date_gmt":"2024-04-02T21:24:43","guid":{"rendered":"https:\/\/mediagroup.mx\/?p=53084"},"modified":"2024-04-02T15:24:43","modified_gmt":"2024-04-02T21:24:43","slug":"ayuntamiento-de-patzcuaro-y-cedh-inician-cumplimiento-de-estandares-internacionales-de-onu-para-rescate-del-lago","status":"publish","type":"post","link":"https:\/\/mediagroup.mx\/index.php\/2024\/04\/02\/ayuntamiento-de-patzcuaro-y-cedh-inician-cumplimiento-de-estandares-internacionales-de-onu-para-rescate-del-lago\/","title":{"rendered":"Ayuntamiento de P\u00e1tzcuaro y CEDH inician cumplimiento de est\u00e1ndares internacionales de ONU para rescate del lago"},"content":{"rendered":"<p style=\"text-align: justify;\">El presidente municipal de P\u00e1tzcuaro, Julio Arreola y la Comisi\u00f3n Estatal de los Derechos Humanos, a trav\u00e9s del Ombudsperson, Marco Antonio Tinoco \u00c1lvarez, iniciaron con el cumplimiento de los est\u00e1ndares internacionales de la ONU para el rescate del emblem\u00e1tico Lago en Michoac\u00e1n.<\/p>\n<p style=\"text-align: justify;\">Lo anterior en cumplimiento y seguimiento a la Recomendaci\u00f3n 39 de ONU Mujeres, luego de la solicitud enviada por 14 mujeres ind\u00edgenas y afromexicanas, oriundas de las islas de Janitzio, La Pacanda, Yunu\u00e9n, Tecuena, Jar\u00e1cuaro y Urand\u00e9n, y que dictamina una consulta, entre otras acciones que se han emprendido como el Plan Integral de manejo y rescate de la Cuenca.<\/p>\n<p style=\"text-align: justify;\">En la ruta a seguir, se organiza la visita a Michoac\u00e1n de la representante de ONU Mujeres, Leticia Bonifaz este mismo mes de abril, quien se reunir\u00eda con el gobernador, Alfredo Ram\u00edrez Bedolla, as\u00ed como con mujeres originar\u00edas de las islas.<\/p>\n<p style=\"text-align: justify;\">La recomendaci\u00f3n 39 versa sobre los Ejes de Desarrollo Territorial y de Gobernanza , tiene que ver con la libre informaci\u00f3n y cultura, y refiere que \u201cLas mujeres y las ni\u00f1as Ind\u00edgenas sufren una discriminaci\u00f3n interseccional tanto dentro como fuera de sus territorios. La discriminaci\u00f3n interseccional contra ellas es estructural y est\u00e1 arraigada en las constituciones, las leyes y las pol\u00edticas, as\u00ed como en los programas, las medidas y los servicios gubernamentales\u201d.<\/p>\n<p style=\"text-align: justify;\">Cabe se\u00f1alar que adem\u00e1s se incluye tambi\u00e9n la intervenci\u00f3n de los 9 municipios circundantes al Lago de P\u00e1tzcuaro.<\/p>\n<p style=\"text-align: justify;\">Destacar que el 28 de junio de 1999, el derecho al medio ambiente se instituy\u00f3 en el art\u00edculo 4\u00b0 de la Constituci\u00f3n Pol\u00edtica de los Estados Unidos Mexicanos, estableciendo que: \u201cToda persona tiene derecho a un medio ambiente adecuado para su desarrollo y bienestar\u201d.<\/p>\n<p style=\"text-align: justify;\">Todos los seres humanos dependen del medio ambiente en el que viven. Un entorno seguro, limpio, saludable y sostenible es indispensable para el pleno disfrute de una amplia gama de derechos humanos, entre otros el derecho a la vida, la salud, la alimentaci\u00f3n, el agua y los saneamientos.<\/p>\n<p style=\"text-align: justify;\">Adem\u00e1s de La Carta de la Tierra que es una declaraci\u00f3n internacional de principios y propuestas de corte progresista. La Carta de la Tierra afirma que la protecci\u00f3n medioambiental, los derechos humanos, el desarrollo igualitario y la paz son interdependientes e indivisibles.<\/p>\n<p style=\"text-align: justify;\">Y contempla 4 pilares: Respeto y Cuidado de la Comunidad de Vida, Integridad Ecol\u00f3gica, Justicia Social y Econ\u00f3mica, y, Democracia, No violencia y Paz. Y termina con El Camino hacia Adelante.<\/p>\n<p style=\"text-align: justify;\">\n","protected":false},"excerpt":{"rendered":"<p>El presidente municipal de P\u00e1tzcuaro, Julio Arreola y la Comisi\u00f3n Estatal de los Derechos Humanos, a trav\u00e9s del Ombudsperson, Marco Antonio Tinoco \u00c1lvarez, iniciaron con el cumplimiento de los est\u00e1ndares internacionales de la ONU para el rescate del emblem\u00e1tico Lago en Michoac\u00e1n. Lo anterior en cumplimiento y seguimiento a la Recomendaci\u00f3n 39 de ONU Mujeres, [&hellip;]<\/p>\n","protected":false},"author":2,"featured_media":53085,"comment_status":"open","ping_status":"open","sticky":false,"template":"","format":"standard","meta":{"om_disable_all_campaigns":false,"_monsterinsights_skip_tracking":false,"_monsterinsights_sitenote_active":false,"_monsterinsights_sitenote_note":"","_monsterinsights_sitenote_category":0,"_uf_show_specific_survey":0,"_uf_disable_surveys":false,"_jetpack_memberships_contains_paid_content":false,"footnotes":"","jetpack_publicize_message":"","jetpack_publicize_feature_enabled":true,"jetpack_social_post_already_shared":true,"jetpack_social_options":{"image_generator_settings":{"template":"highway","default_image_id":0,"enabled":false},"version":2}},"categories":[15],"tags":[],"class_list":{"0":"post-53084","1":"post","2":"type-post","3":"status-publish","4":"format-standard","5":"has-post-thumbnail","7":"category-michoacan"},"aioseo_notices":[],"jetpack_publicize_connections":[],"jetpack_featured_media_url":"https:\/\/mediagroup.mx\/wp-content\/uploads\/2024\/04\/WhatsApp-Image-2024-04-02-at-2.37.55-PM.jpeg","jetpack_sharing_enabled":true,"_links":{"self":[{"href":"https:\/\/mediagroup.mx\/index.php\/wp-json\/wp\/v2\/posts\/53084","targetHints":{"allow":["GET"]}}],"collection":[{"href":"https:\/\/mediagroup.mx\/index.php\/wp-json\/wp\/v2\/posts"}],"about":[{"href":"https:\/\/mediagroup.mx\/index.php\/wp-json\/wp\/v2\/types\/post"}],"author":[{"embeddable":true,"href":"https:\/\/mediagroup.mx\/index.php\/wp-json\/wp\/v2\/users\/2"}],"replies":[{"embeddable":true,"href":"https:\/\/mediagroup.mx\/index.php\/wp-json\/wp\/v2\/comments?post=53084"}],"version-history":[{"count":1,"href":"https:\/\/mediagroup.mx\/index.php\/wp-json\/wp\/v2\/posts\/53084\/revisions"}],"predecessor-version":[{"id":53086,"href":"https:\/\/mediagroup.mx\/index.php\/wp-json\/wp\/v2\/posts\/53084\/revisions\/53086"}],"wp:featuredmedia":[{"embeddable":true,"href":"https:\/\/mediagroup.mx\/index.php\/wp-json\/wp\/v2\/media\/53085"}],"wp:attachment":[{"href":"https:\/\/mediagroup.mx\/index.php\/wp-json\/wp\/v2\/media?parent=53084"}],"wp:term":[{"taxonomy":"category","embeddable":true,"href":"https:\/\/mediagroup.mx\/index.php\/wp-json\/wp\/v2\/categories?post=53084"},{"taxonomy":"post_tag","embeddable":true,"href":"https:\/\/mediagroup.mx\/index.php\/wp-json\/wp\/v2\/tags?post=53084"}],"curies":[{"name":"wp","href":"https:\/\/api.w.org\/{rel}","templated":true}]}}