{"id":53281,"date":"2024-05-01T13:00:44","date_gmt":"2024-05-01T19:00:44","guid":{"rendered":"https:\/\/mediagroup.mx\/?p=53281"},"modified":"2024-05-01T13:00:44","modified_gmt":"2024-05-01T19:00:44","slug":"las-ninas-y-ninos-se-encuentran-al-centro-de-nuestras-decisiones-ivonne-pantoja","status":"publish","type":"post","link":"https:\/\/mediagroup.mx\/index.php\/2024\/05\/01\/las-ninas-y-ninos-se-encuentran-al-centro-de-nuestras-decisiones-ivonne-pantoja\/","title":{"rendered":"Las ni\u00f1as y ni\u00f1os se encuentran al centro de nuestras decisiones: Ivonne Pantoja"},"content":{"rendered":"<p><strong>Morelia, Michoac\u00e1n.-<\/strong> Que la voz de nuestras ni\u00f1as y ni\u00f1os se escuche, se respete y se vuelva una realidad, se\u00f1al\u00f3 Ivonne Pantoja Abascal, presidenta de la Mesa Directiva del Congreso del Estado.<\/p>\n<p>En conjunto con los diputados Adriana Hern\u00e1ndez I\u00f1iguez, presidenta de la Comisi\u00f3n de Protecci\u00f3n a la Ni\u00f1ez y Adolescencia; Guadalupe D\u00edaz Chagolla, integrante y V\u00edctor Zurita Ortiz, integrante de la Comisi\u00f3n de Educaci\u00f3n; dieron la bienvenida al Parlamento Infantil Incluyente Michoac\u00e1n 2024.<\/p>\n<p>Pantoja Abascal detall\u00f3 que las leyes que se realizan por la actual legislatura est\u00e1n enfocadas en cuidar y generar las condiciones para que las ni\u00f1as y ni\u00f1os tengan un mejor futuro.<\/p>\n<p>\u201cCelebro el inter\u00e9s que tienen por tomar decisiones para su estado y pa\u00eds. Del compromiso, que a su edad, est\u00e1n asumiendo para mejorar su entorno, ya sea su colonia, sus calles, su sal\u00f3n de clases. Cada peque\u00f1a acci\u00f3n que realizamos con la intenci\u00f3n de cambiar de manera positiva el espacio en el que vivimos, con el tiempo tiene grandes resultados. As\u00ed que si\u00e9ntanse con la libertad de poder expresarse, de proponer y defender sus ideas para construir un Michoac\u00e1n m\u00e1s justo, pr\u00f3spero e inclusivo para todas y todos\u201d.<\/p>\n<p>La tambi\u00e9n integrante de la Comisi\u00f3n de Protecci\u00f3n a la Ni\u00f1ez y Adolescencia invit\u00f3 a las 40 ni\u00f1as y ni\u00f1os legisladores a ser valientes y defender sus ideas desde la m\u00e1xima tribuna para generar mejores condiciones en beneficio de las y los ni\u00f1os.<\/p>\n<p>\u201cNi\u00f1as y ni\u00f1os, ustedes son la mayor motivaci\u00f3n que tenemos para trabajar cada d\u00eda en mejorar nuestro entorno, como diputadas y diputados tenemos el firme compromiso de construir las bases para que puedan tener m\u00e1s oportunidades de desarrollo, de crecimiento, que puedan cumplir sus metas y sue\u00f1os\u201d.<\/p>\n<p>La diputada se comprometi\u00f3 a dar seguimiento a las propuestas presentadas por las y los integrantes parlamentarios y promover el desarrollo de su entorno.<\/p>\n","protected":false},"excerpt":{"rendered":"<p>Morelia, Michoac\u00e1n.- Que la voz de nuestras ni\u00f1as y ni\u00f1os se escuche, se respete y se vuelva una realidad, se\u00f1al\u00f3 Ivonne Pantoja Abascal, presidenta de la Mesa Directiva del Congreso del Estado. En conjunto con los diputados Adriana Hern\u00e1ndez I\u00f1iguez, presidenta de la Comisi\u00f3n de Protecci\u00f3n a la Ni\u00f1ez y Adolescencia; Guadalupe D\u00edaz Chagolla, integrante [&hellip;]<\/p>\n","protected":false},"author":1,"featured_media":53283,"comment_status":"open","ping_status":"open","sticky":false,"template":"","format":"standard","meta":{"om_disable_all_campaigns":false,"_monsterinsights_skip_tracking":false,"_monsterinsights_sitenote_active":false,"_monsterinsights_sitenote_note":"","_monsterinsights_sitenote_category":0,"_uf_show_specific_survey":0,"_uf_disable_surveys":false,"_jetpack_memberships_contains_paid_content":false,"footnotes":"","jetpack_publicize_message":"","jetpack_publicize_feature_enabled":true,"jetpack_social_post_already_shared":true,"jetpack_social_options":{"image_generator_settings":{"template":"highway","default_image_id":0,"enabled":false},"version":2}},"categories":[15],"tags":[],"class_list":{"0":"post-53281","1":"post","2":"type-post","3":"status-publish","4":"format-standard","5":"has-post-thumbnail","7":"category-michoacan"},"aioseo_notices":[],"jetpack_publicize_connections":[],"jetpack_featured_media_url":"https:\/\/mediagroup.mx\/wp-content\/uploads\/2024\/05\/Ninos-Congreso.jpeg","jetpack_sharing_enabled":true,"_links":{"self":[{"href":"https:\/\/mediagroup.mx\/index.php\/wp-json\/wp\/v2\/posts\/53281","targetHints":{"allow":["GET"]}}],"collection":[{"href":"https:\/\/mediagroup.mx\/index.php\/wp-json\/wp\/v2\/posts"}],"about":[{"href":"https:\/\/mediagroup.mx\/index.php\/wp-json\/wp\/v2\/types\/post"}],"author":[{"embeddable":true,"href":"https:\/\/mediagroup.mx\/index.php\/wp-json\/wp\/v2\/users\/1"}],"replies":[{"embeddable":true,"href":"https:\/\/mediagroup.mx\/index.php\/wp-json\/wp\/v2\/comments?post=53281"}],"version-history":[{"count":1,"href":"https:\/\/mediagroup.mx\/index.php\/wp-json\/wp\/v2\/posts\/53281\/revisions"}],"predecessor-version":[{"id":53284,"href":"https:\/\/mediagroup.mx\/index.php\/wp-json\/wp\/v2\/posts\/53281\/revisions\/53284"}],"wp:featuredmedia":[{"embeddable":true,"href":"https:\/\/mediagroup.mx\/index.php\/wp-json\/wp\/v2\/media\/53283"}],"wp:attachment":[{"href":"https:\/\/mediagroup.mx\/index.php\/wp-json\/wp\/v2\/media?parent=53281"}],"wp:term":[{"taxonomy":"category","embeddable":true,"href":"https:\/\/mediagroup.mx\/index.php\/wp-json\/wp\/v2\/categories?post=53281"},{"taxonomy":"post_tag","embeddable":true,"href":"https:\/\/mediagroup.mx\/index.php\/wp-json\/wp\/v2\/tags?post=53281"}],"curies":[{"name":"wp","href":"https:\/\/api.w.org\/{rel}","templated":true}]}}