{"id":53282,"date":"2024-05-01T13:01:00","date_gmt":"2024-05-01T19:01:00","guid":{"rendered":"https:\/\/mediagroup.mx\/?p=53282"},"modified":"2024-05-01T13:01:00","modified_gmt":"2024-05-01T19:01:00","slug":"propone-araceli-saucedo-reactivar-el-programa-migrante-3x1","status":"publish","type":"post","link":"https:\/\/mediagroup.mx\/index.php\/2024\/05\/01\/propone-araceli-saucedo-reactivar-el-programa-migrante-3x1\/","title":{"rendered":"Propone Araceli Saucedo reactivar el programa migrante 3&#215;1"},"content":{"rendered":"<p>La candidata del PAN, PRI y PRD Araceli Saucedo Reyes, dio a conocer algunas de las iniciativas legislativas que impulsar\u00e1 de llegar el senado de la rep\u00fablica.<\/p>\n<p>Acompa\u00f1ada del candidato en la segunda f\u00f3rmula Calor Alberto Lucatero, se\u00f1alo que las iniciativas presentadas son resultado del Foro de consulta y participaci\u00f3n ciudadana, en que la poblaci\u00f3n extern\u00f3 su percepci\u00f3n en temas como salud, educaci\u00f3n, medio ambiente, migraci\u00f3n y mujeres.<\/p>\n<p>Saucedo Reyes, comprometi\u00f3 la reactivaci\u00f3n del programa migrante 3&#215;1, el cual apoya la iniciativa de los migrantes organizados para realizar proyectos que contribuyan al desarrollo de sus localidades de origen, mediante la aportaci\u00f3n de los tres \u00f3rdenes de gobierno, as\u00ed como de organizaciones de migrantes en el extranjero.<\/p>\n<p>Destac\u00f3 que ser\u00e1 prioridad la protecci\u00f3n al medio ambiente, como una de las principales \u00e1reas de acci\u00f3n en la agenda legislativa, para promover e implementar pol\u00edticas y programas espec\u00edficos, asi como fomentar la participaci\u00f3n ciudadana a trav\u00e9s de consultas p\u00fablicas para la toma de decisiones en torno el medio ambiente.<\/p>\n<p>Se\u00f1al\u00f3 que durante el foro se registraron m\u00e1s de 700 participaciones en 88 municipios y se conto con 130 especialistas en distintas tem\u00e1ticas, por lo que cada uno de los temas analizados integraran su agenda legislativa en el senado.<\/p>\n<p>La candidata, comprometi\u00f3 en el tema de salud, legislar para que regrese el modelo del seguro popular y las instituciones p\u00fablicas est\u00e9n obligadas a actualizar a todo su personal.<\/p>\n<p>En seguridad, dijo se implementaran y fortalecer\u00e1n el fortapaz, fortapol, fortaseg y fortum, para desarrollar estrategias de seguridad desde lo local, motivando a los cuerpos policiacos.<\/p>\n","protected":false},"excerpt":{"rendered":"<p>La candidata del PAN, PRI y PRD Araceli Saucedo Reyes, dio a conocer algunas de las iniciativas legislativas que impulsar\u00e1 de llegar el senado de la rep\u00fablica. Acompa\u00f1ada del candidato en la segunda f\u00f3rmula Calor Alberto Lucatero, se\u00f1alo que las iniciativas presentadas son resultado del Foro de consulta y participaci\u00f3n ciudadana, en que la poblaci\u00f3n [&hellip;]<\/p>\n","protected":false},"author":2,"featured_media":53285,"comment_status":"open","ping_status":"open","sticky":false,"template":"","format":"standard","meta":{"om_disable_all_campaigns":false,"_monsterinsights_skip_tracking":false,"_monsterinsights_sitenote_active":false,"_monsterinsights_sitenote_note":"","_monsterinsights_sitenote_category":0,"_uf_show_specific_survey":0,"_uf_disable_surveys":false,"_jetpack_memberships_contains_paid_content":false,"footnotes":"","jetpack_publicize_message":"","jetpack_publicize_feature_enabled":true,"jetpack_social_post_already_shared":true,"jetpack_social_options":{"image_generator_settings":{"template":"highway","default_image_id":0,"enabled":false},"version":2}},"categories":[15],"tags":[],"class_list":{"0":"post-53282","1":"post","2":"type-post","3":"status-publish","4":"format-standard","5":"has-post-thumbnail","7":"category-michoacan"},"aioseo_notices":[],"jetpack_publicize_connections":[],"jetpack_featured_media_url":"https:\/\/mediagroup.mx\/wp-content\/uploads\/2024\/05\/IMG_8557.jpeg","jetpack_sharing_enabled":true,"_links":{"self":[{"href":"https:\/\/mediagroup.mx\/index.php\/wp-json\/wp\/v2\/posts\/53282","targetHints":{"allow":["GET"]}}],"collection":[{"href":"https:\/\/mediagroup.mx\/index.php\/wp-json\/wp\/v2\/posts"}],"about":[{"href":"https:\/\/mediagroup.mx\/index.php\/wp-json\/wp\/v2\/types\/post"}],"author":[{"embeddable":true,"href":"https:\/\/mediagroup.mx\/index.php\/wp-json\/wp\/v2\/users\/2"}],"replies":[{"embeddable":true,"href":"https:\/\/mediagroup.mx\/index.php\/wp-json\/wp\/v2\/comments?post=53282"}],"version-history":[{"count":1,"href":"https:\/\/mediagroup.mx\/index.php\/wp-json\/wp\/v2\/posts\/53282\/revisions"}],"predecessor-version":[{"id":53286,"href":"https:\/\/mediagroup.mx\/index.php\/wp-json\/wp\/v2\/posts\/53282\/revisions\/53286"}],"wp:featuredmedia":[{"embeddable":true,"href":"https:\/\/mediagroup.mx\/index.php\/wp-json\/wp\/v2\/media\/53285"}],"wp:attachment":[{"href":"https:\/\/mediagroup.mx\/index.php\/wp-json\/wp\/v2\/media?parent=53282"}],"wp:term":[{"taxonomy":"category","embeddable":true,"href":"https:\/\/mediagroup.mx\/index.php\/wp-json\/wp\/v2\/categories?post=53282"},{"taxonomy":"post_tag","embeddable":true,"href":"https:\/\/mediagroup.mx\/index.php\/wp-json\/wp\/v2\/tags?post=53282"}],"curies":[{"name":"wp","href":"https:\/\/api.w.org\/{rel}","templated":true}]}}