{"id":53458,"date":"2024-05-04T19:21:48","date_gmt":"2024-05-05T01:21:48","guid":{"rendered":"https:\/\/mediagroup.mx\/?p=53458"},"modified":"2024-05-04T19:21:48","modified_gmt":"2024-05-05T01:21:48","slug":"la-justicia-y-la-proteccion-a-victimas-dejaran-de-escatimarse-araceli-saucedo","status":"publish","type":"post","link":"https:\/\/mediagroup.mx\/index.php\/2024\/05\/04\/la-justicia-y-la-proteccion-a-victimas-dejaran-de-escatimarse-araceli-saucedo\/","title":{"rendered":"La justicia y la protecci\u00f3n a v\u00edctimas dejar\u00e1n de escatimarse: Araceli Saucedo"},"content":{"rendered":"<p>La justicia y la protecci\u00f3n a las miles de v\u00edctimas que hay en el pa\u00eds, dejar\u00e1n de escatimarse, porque es responsabilidad del Estado Mexicano garantizarlas y tomar con toda seriedad su gravedad recalc\u00f3 Araceli Saucedo Reyes, candidata al Senado de la Rep\u00fablica por la Coalici\u00f3n Fuerza y Coraz\u00f3n por M\u00e9xico.<\/p>\n<p>\u201cEstoy muy agradecida con la respuesta que ha tenido la gente a lo largo de estas semanas de campa\u00f1a, en donde, me he encontrado con una participaci\u00f3n muy activa y generosa, de tal manera que el proyecto que vengo encabezando se ha ido enriqueciendo y fortaleciendo con las propuestas y los planteamientos de las y los morelianos\u201d.<\/p>\n<p>La candidata refrend\u00f3 su compromiso por robustecer y fortalecer nuestras leyes para garantizar, no s\u00f3lo la protecci\u00f3n de v\u00edctimas, y la persecuci\u00f3n y castigo de los responsables, sino tambi\u00e9n generar condiciones normativas para el fortalecimiento de una cultura de paz, que ataje de fondo las situaciones que en el \u00faltimo lustro se han multiplicado en M\u00e9xico.<\/p>\n<p>Al intensificar sus recorridos por Morelia, en di\u00e1logo permanente con la poblaci\u00f3n, una de las inquietudes manifestadas se relaciona con la prevalencia de la violencia al interior de los hogares.<\/p>\n<p>\u201cEn Morelia como en el resto del Estado es necesario ahondar las acciones de atenci\u00f3n a las v\u00edctimas de violencia intrafamiliar y de g\u00e9nero, lo que sin duda resulta todo un reto cuando, en el contexto federal vemos que se ha caminado en sentido contrario. Un ejemplo claro es la cancelaci\u00f3n de recursos para apoyar los refugios de mujeres violentadas\u201d.<\/p>\n<p>Araceli Saucedo reconoci\u00f3 que un tema de enorme preocupaci\u00f3n y que se detecta de manera significativa en Michoac\u00e1n y M\u00e9xico es el de la violencia familiar, en donde la marginaci\u00f3n, el hacinamiento y la violencia en las relaciones sociales y humanas han incrementado considerablemente esta problem\u00e1tica.<\/p>\n","protected":false},"excerpt":{"rendered":"<p>La justicia y la protecci\u00f3n a las miles de v\u00edctimas que hay en el pa\u00eds, dejar\u00e1n de escatimarse, porque es responsabilidad del Estado Mexicano garantizarlas y tomar con toda seriedad su gravedad recalc\u00f3 Araceli Saucedo Reyes, candidata al Senado de la Rep\u00fablica por la Coalici\u00f3n Fuerza y Coraz\u00f3n por M\u00e9xico. \u201cEstoy muy agradecida con la [&hellip;]<\/p>\n","protected":false},"author":2,"featured_media":53459,"comment_status":"open","ping_status":"open","sticky":false,"template":"","format":"standard","meta":{"om_disable_all_campaigns":false,"_monsterinsights_skip_tracking":false,"_monsterinsights_sitenote_active":false,"_monsterinsights_sitenote_note":"","_monsterinsights_sitenote_category":0,"_uf_show_specific_survey":0,"_uf_disable_surveys":false,"_jetpack_memberships_contains_paid_content":false,"footnotes":"","jetpack_publicize_message":"","jetpack_publicize_feature_enabled":true,"jetpack_social_post_already_shared":true,"jetpack_social_options":{"image_generator_settings":{"template":"highway","default_image_id":0,"enabled":false},"version":2}},"categories":[15],"tags":[],"class_list":{"0":"post-53458","1":"post","2":"type-post","3":"status-publish","4":"format-standard","5":"has-post-thumbnail","7":"category-michoacan"},"aioseo_notices":[],"jetpack_publicize_connections":[],"jetpack_featured_media_url":"https:\/\/mediagroup.mx\/wp-content\/uploads\/2024\/05\/43b5e705-ab60-4f4d-a254-9de58d794716.jpeg","jetpack_sharing_enabled":true,"_links":{"self":[{"href":"https:\/\/mediagroup.mx\/index.php\/wp-json\/wp\/v2\/posts\/53458","targetHints":{"allow":["GET"]}}],"collection":[{"href":"https:\/\/mediagroup.mx\/index.php\/wp-json\/wp\/v2\/posts"}],"about":[{"href":"https:\/\/mediagroup.mx\/index.php\/wp-json\/wp\/v2\/types\/post"}],"author":[{"embeddable":true,"href":"https:\/\/mediagroup.mx\/index.php\/wp-json\/wp\/v2\/users\/2"}],"replies":[{"embeddable":true,"href":"https:\/\/mediagroup.mx\/index.php\/wp-json\/wp\/v2\/comments?post=53458"}],"version-history":[{"count":1,"href":"https:\/\/mediagroup.mx\/index.php\/wp-json\/wp\/v2\/posts\/53458\/revisions"}],"predecessor-version":[{"id":53460,"href":"https:\/\/mediagroup.mx\/index.php\/wp-json\/wp\/v2\/posts\/53458\/revisions\/53460"}],"wp:featuredmedia":[{"embeddable":true,"href":"https:\/\/mediagroup.mx\/index.php\/wp-json\/wp\/v2\/media\/53459"}],"wp:attachment":[{"href":"https:\/\/mediagroup.mx\/index.php\/wp-json\/wp\/v2\/media?parent=53458"}],"wp:term":[{"taxonomy":"category","embeddable":true,"href":"https:\/\/mediagroup.mx\/index.php\/wp-json\/wp\/v2\/categories?post=53458"},{"taxonomy":"post_tag","embeddable":true,"href":"https:\/\/mediagroup.mx\/index.php\/wp-json\/wp\/v2\/tags?post=53458"}],"curies":[{"name":"wp","href":"https:\/\/api.w.org\/{rel}","templated":true}]}}