{"id":55504,"date":"2024-09-10T10:13:38","date_gmt":"2024-09-10T16:13:38","guid":{"rendered":"https:\/\/mediagroup.mx\/?p=55504"},"modified":"2024-09-10T10:13:38","modified_gmt":"2024-09-10T16:13:38","slug":"vecinos-del-fraccionamiento-lazaro-cardenas-bloquean-circulacion-en-salida-a-charo-exigen-no-tener-agua-desde-hace-meses","status":"publish","type":"post","link":"https:\/\/mediagroup.mx\/index.php\/2024\/09\/10\/vecinos-del-fraccionamiento-lazaro-cardenas-bloquean-circulacion-en-salida-a-charo-exigen-no-tener-agua-desde-hace-meses\/","title":{"rendered":"Vecinos del Fraccionamiento L\u00e1zaro C\u00e1rdenas bloquean circulaci\u00f3n en salida a Charo. Exigen no tener agua desde hace meses."},"content":{"rendered":"<p>\u00abCompa\u00f1eros buen d\u00eda, me piden compartir. Vecinos del fraccionamiento L\u00e1zaro C\u00e1rdenas mantienen bloqueada la circulaci\u00f3n en el perif\u00e9rico desde el lugar conocido como las tijeras hasta la glorieta de salida a Charo, aseguran que no tienen agua desde hace algunos meses.\u00bb<\/p>\n<p>Es el mensaje que circula en la aplicaci\u00f3n de mensajer\u00eda instant\u00e1nea Whatsapp sobre la manifestaci\u00f3n que se presenta en esta ma\u00f1ana lluviosa de martes desde las 10 am aproximadamente en las inmediaciones de la salida a Charo, sobre el libramiento Perif\u00e9rico Paseo de la Rep\u00fablica a la altura de la colonia L\u00e1zaro C\u00e1rdenas mejor conocida como \u00abLas Tijeras\u00bb.<\/p>\n<p>Los manifestantes expresan su descontento al asegurar que no tienen agua desde hace algunos meses.<\/p>\n<p>*Informaci\u00f3n en proceso.<\/p>\n<p><img loading=\"lazy\" decoding=\"async\" class=\"alignnone size-medium wp-image-55505\" src=\"https:\/\/mediagroup.mx\/wp-content\/uploads\/2024\/09\/WhatsApp-Image-2024-09-10-at-09.59.23-1-169x300.jpeg\" alt=\"\" width=\"169\" height=\"300\" srcset=\"https:\/\/mediagroup.mx\/wp-content\/uploads\/2024\/09\/WhatsApp-Image-2024-09-10-at-09.59.23-1-169x300.jpeg 169w, https:\/\/mediagroup.mx\/wp-content\/uploads\/2024\/09\/WhatsApp-Image-2024-09-10-at-09.59.23-1-576x1024.jpeg 576w, https:\/\/mediagroup.mx\/wp-content\/uploads\/2024\/09\/WhatsApp-Image-2024-09-10-at-09.59.23-1-768x1365.jpeg 768w, https:\/\/mediagroup.mx\/wp-content\/uploads\/2024\/09\/WhatsApp-Image-2024-09-10-at-09.59.23-1-864x1536.jpeg 864w, https:\/\/mediagroup.mx\/wp-content\/uploads\/2024\/09\/WhatsApp-Image-2024-09-10-at-09.59.23-1-150x267.jpeg 150w, https:\/\/mediagroup.mx\/wp-content\/uploads\/2024\/09\/WhatsApp-Image-2024-09-10-at-09.59.23-1-300x533.jpeg 300w, https:\/\/mediagroup.mx\/wp-content\/uploads\/2024\/09\/WhatsApp-Image-2024-09-10-at-09.59.23-1-696x1237.jpeg 696w, https:\/\/mediagroup.mx\/wp-content\/uploads\/2024\/09\/WhatsApp-Image-2024-09-10-at-09.59.23-1.jpeg 900w\" sizes=\"auto, (max-width: 169px) 100vw, 169px\" \/> <img loading=\"lazy\" decoding=\"async\" class=\"alignnone size-medium wp-image-55506\" src=\"https:\/\/mediagroup.mx\/wp-content\/uploads\/2024\/09\/WhatsApp-Image-2024-09-10-at-09.59.23-135x300.jpeg\" alt=\"\" width=\"135\" height=\"300\" srcset=\"https:\/\/mediagroup.mx\/wp-content\/uploads\/2024\/09\/WhatsApp-Image-2024-09-10-at-09.59.23-135x300.jpeg 135w, https:\/\/mediagroup.mx\/wp-content\/uploads\/2024\/09\/WhatsApp-Image-2024-09-10-at-09.59.23-461x1024.jpeg 461w, https:\/\/mediagroup.mx\/wp-content\/uploads\/2024\/09\/WhatsApp-Image-2024-09-10-at-09.59.23-691x1536.jpeg 691w, https:\/\/mediagroup.mx\/wp-content\/uploads\/2024\/09\/WhatsApp-Image-2024-09-10-at-09.59.23-150x333.jpeg 150w, https:\/\/mediagroup.mx\/wp-content\/uploads\/2024\/09\/WhatsApp-Image-2024-09-10-at-09.59.23-300x667.jpeg 300w, https:\/\/mediagroup.mx\/wp-content\/uploads\/2024\/09\/WhatsApp-Image-2024-09-10-at-09.59.23-696x1547.jpeg 696w, https:\/\/mediagroup.mx\/wp-content\/uploads\/2024\/09\/WhatsApp-Image-2024-09-10-at-09.59.23.jpeg 720w\" sizes=\"auto, (max-width: 135px) 100vw, 135px\" \/><\/p>\n","protected":false},"excerpt":{"rendered":"<p>\u00abCompa\u00f1eros buen d\u00eda, me piden compartir. Vecinos del fraccionamiento L\u00e1zaro C\u00e1rdenas mantienen bloqueada la circulaci\u00f3n en el perif\u00e9rico desde el lugar conocido como las tijeras hasta la glorieta de salida a Charo, aseguran que no tienen agua desde hace algunos meses.\u00bb Es el mensaje que circula en la aplicaci\u00f3n de mensajer\u00eda instant\u00e1nea Whatsapp sobre la [&hellip;]<\/p>\n","protected":false},"author":2,"featured_media":55506,"comment_status":"closed","ping_status":"closed","sticky":false,"template":"","format":"standard","meta":{"om_disable_all_campaigns":false,"_monsterinsights_skip_tracking":false,"_monsterinsights_sitenote_active":false,"_monsterinsights_sitenote_note":"","_monsterinsights_sitenote_category":0,"_uf_show_specific_survey":0,"_uf_disable_surveys":false,"_jetpack_memberships_contains_paid_content":false,"footnotes":"","jetpack_publicize_message":"Vecinos del Fraccionamiento L\u00e1zaro C\u00e1rdenas bloquean circulaci\u00f3n en salida a Charo. Exigen no tener agua desde hace meses.","jetpack_publicize_feature_enabled":true,"jetpack_social_post_already_shared":true,"jetpack_social_options":{"image_generator_settings":{"template":"highway","default_image_id":0,"enabled":false},"version":2}},"categories":[17],"tags":[],"class_list":{"0":"post-55504","1":"post","2":"type-post","3":"status-publish","4":"format-standard","5":"has-post-thumbnail","7":"category-morelia"},"aioseo_notices":[],"jetpack_publicize_connections":[],"jetpack_featured_media_url":"https:\/\/mediagroup.mx\/wp-content\/uploads\/2024\/09\/WhatsApp-Image-2024-09-10-at-09.59.23.jpeg","jetpack_sharing_enabled":true,"_links":{"self":[{"href":"https:\/\/mediagroup.mx\/index.php\/wp-json\/wp\/v2\/posts\/55504","targetHints":{"allow":["GET"]}}],"collection":[{"href":"https:\/\/mediagroup.mx\/index.php\/wp-json\/wp\/v2\/posts"}],"about":[{"href":"https:\/\/mediagroup.mx\/index.php\/wp-json\/wp\/v2\/types\/post"}],"author":[{"embeddable":true,"href":"https:\/\/mediagroup.mx\/index.php\/wp-json\/wp\/v2\/users\/2"}],"replies":[{"embeddable":true,"href":"https:\/\/mediagroup.mx\/index.php\/wp-json\/wp\/v2\/comments?post=55504"}],"version-history":[{"count":1,"href":"https:\/\/mediagroup.mx\/index.php\/wp-json\/wp\/v2\/posts\/55504\/revisions"}],"predecessor-version":[{"id":55507,"href":"https:\/\/mediagroup.mx\/index.php\/wp-json\/wp\/v2\/posts\/55504\/revisions\/55507"}],"wp:featuredmedia":[{"embeddable":true,"href":"https:\/\/mediagroup.mx\/index.php\/wp-json\/wp\/v2\/media\/55506"}],"wp:attachment":[{"href":"https:\/\/mediagroup.mx\/index.php\/wp-json\/wp\/v2\/media?parent=55504"}],"wp:term":[{"taxonomy":"category","embeddable":true,"href":"https:\/\/mediagroup.mx\/index.php\/wp-json\/wp\/v2\/categories?post=55504"},{"taxonomy":"post_tag","embeddable":true,"href":"https:\/\/mediagroup.mx\/index.php\/wp-json\/wp\/v2\/tags?post=55504"}],"curies":[{"name":"wp","href":"https:\/\/api.w.org\/{rel}","templated":true}]}}